{"id":770,"date":"2020-11-23T08:00:51","date_gmt":"2020-11-23T08:00:51","guid":{"rendered":"https:\/\/blogs.zeiss.com\/intern\/sportsoptics\/birding\/de\/?p=770"},"modified":"2020-12-22T08:52:09","modified_gmt":"2020-12-22T08:52:09","slug":"bestimmung-der-kornweihe","status":"publish","type":"post","link":"https:\/\/blogs.zeiss.com\/sports-optics\/birding\/de\/bestimmung-der-kornweihe\/","title":{"rendered":"Bestimmung der Kornweihe"},"content":{"rendered":"\n<p>Die Alters- und Geschlechtbestimmung \u201ebrauner\u201c Kornweihen blieb \u00fcber lange Zeit unklar, obwohl die Autoren Clark und Forsman hierzu bereits wichtige Grundlagenarbeit geleistet hatten. Dies konnte dennoch nicht verhindern, dass die Angaben in verschiedenen Bestimmungsb\u00fcchern inklusive dort pr\u00e4sentierter Abbildungen widerspr\u00fcchlich waren und mit der Realit\u00e4t oft nicht \u00fcbereinstimmten.<\/p>\n\n\n\n<p>Die dieses Winterhalbjahr durch geringen Bruterfolg relativ h\u00e4ufigen adulten Weibchen der Kornweihe fallen in ihrer Silhouette bereits durch einen kr\u00e4ftigen K\u00f6rperbau mit breiten abgerundeten Fl\u00fcgeln auf. Dar\u00fcber hinaus zeigen sie im Armbereich des Unterfl\u00fcgels ein auff\u00e4lliges, durch ein davor verlaufendes schmales helles Band sehr deutlich abgesetztes breites und sich zum K\u00f6rper hin weiter ausdehnendes schwarzes Terminalband (Abb.1).<\/p>\n\n\n\n<p>Dadurch unterscheiden sie sich von den sonst recht \u00e4hnlich aussehenden, aber schmal- und spitzfl\u00fcgeliger gebauten juvenilen M\u00e4nnchen, bei denen sich die helle B\u00e4nderung des Unterarmes rumpfw\u00e4rts weniger stark verschm\u00e4lert und dadurch einen nahezu parallelen Eindruck erzeugt (Abb. 2<em>).<\/em><\/p>\n\n\n\n<p>Durch den sowohl f\u00fcr adulte Weibchen wie f\u00fcr junge M\u00e4nnchen typischen geringen Gesichtskontrast wurden diese in der Vergangenheit auch in der Literatur gelegentlich verwechselt. Auch die gerundeten Z\u00fcge der Gesichtszeichnung ist alten Weibchen und jungen M\u00e4nnchen gemein. Hier hilft nur ein Blick auf den hellen Kragen weiter, denn dieser ist bei alten Weibchen st\u00e4rker reduziert, meist undeutlich und schmal, w\u00e4hrend er sich bei jungen M\u00e4nnchen noch \u00fcberwiegend breit und deutlich abzeichnet. Alten Weibchen fehlen meist auch die f\u00fcr viele Greifv\u00f6gel typischen deutlichen \u201eNackenflecken\u201c die sich bei fast allen Jungv\u00f6geln &#8211; weiblichen wie m\u00e4nnlichen Geschlechts &#8211; erkennen lassen.<\/p>\n\n\n\n<figure class=\"wp-block-gallery columns-3 is-cropped wp-block-gallery-1\"><ul class=\"blocks-gallery-grid\"><li class=\"blocks-gallery-item\"><figure><img loading=\"lazy\" decoding=\"async\" width=\"477\" height=\"518\" src=\"https:\/\/blogs.zeiss.com\/sports-optics\/birding\/de\/wp-content\/uploads\/sites\/3\/2020\/11\/Abb1_DSC9705_kl-1.jpg\" alt=\"\" data-id=\"818\" data-full-url=\"https:\/\/blogs.zeiss.com\/sports-optics\/birding\/de\/wp-content\/uploads\/sites\/3\/2020\/11\/Abb1_DSC9705_kl-1.jpg\" data-link=\"https:\/\/blogs.zeiss.com\/sports-optics\/birding\/de\/?attachment_id=818\" class=\"wp-image-818\"\/><\/figure><\/li><li class=\"blocks-gallery-item\"><figure><img loading=\"lazy\" decoding=\"async\" width=\"537\" height=\"556\" src=\"https:\/\/blogs.zeiss.com\/sports-optics\/birding\/de\/wp-content\/uploads\/sites\/3\/2020\/11\/Abb2_MG_0047kl-1.jpg\" alt=\"\" data-id=\"819\" data-full-url=\"https:\/\/blogs.zeiss.com\/sports-optics\/birding\/de\/wp-content\/uploads\/sites\/3\/2020\/11\/Abb2_MG_0047kl-1.jpg\" data-link=\"https:\/\/blogs.zeiss.com\/sports-optics\/birding\/de\/?attachment_id=819\" class=\"wp-image-819\"\/><\/figure><\/li><li class=\"blocks-gallery-item\"><figure><img loading=\"lazy\" decoding=\"async\" width=\"613\" height=\"666\" src=\"https:\/\/blogs.zeiss.com\/sports-optics\/birding\/de\/wp-content\/uploads\/sites\/3\/2020\/11\/Abb-3_T2I3126kl.jpg\" alt=\"\" data-id=\"820\" data-full-url=\"https:\/\/blogs.zeiss.com\/sports-optics\/birding\/de\/wp-content\/uploads\/sites\/3\/2020\/11\/Abb-3_T2I3126kl.jpg\" data-link=\"https:\/\/blogs.zeiss.com\/sports-optics\/birding\/de\/?attachment_id=820\" class=\"wp-image-820\" srcset=\"https:\/\/blogs.zeiss.com\/sports-optics\/birding\/de\/wp-content\/uploads\/sites\/3\/2020\/11\/Abb-3_T2I3126kl.jpg 613w, https:\/\/blogs.zeiss.com\/sports-optics\/birding\/de\/wp-content\/uploads\/sites\/3\/2020\/11\/Abb-3_T2I3126kl-552x600.jpg 552w\" sizes=\"auto, (max-width: 639px) 98vw, (max-width: 1199px) 64vw, 613px\" \/><\/figure><\/li><\/ul><figcaption class=\"blocks-gallery-caption is-layout-flex wp-block-gallery-is-layout-flex\">v.l.n.r. Abb. 1 &#8211; 3 (Bilder: Gerold Dobler)<\/figcaption><\/figure>\n\n\n\n<p>Junge Weibchen (Abb. 3) unterscheiden sich von adulten Weibchen und jungen M\u00e4nnchen sehr deutlich durch ihre eckigere und kontrastreiche Gesichtszeichnung. Bezeichnend ist hier die als \u201eBartfeld\u201c bezeichnete und fast immer ausgepr\u00e4gte dunkle Anbindung der braunen Wangenmaske zum Schnabelansatz. Der \u00dcbergang von der hellen Augeneinfassung zur dunklen Wangenmaske ist relativ hart und zeigt dadurch einen st\u00e4rkeren Kontrast als bei alten Weibchen und jungen M\u00e4nnchen. Im Gegensatz dazu ist die Unterseite junger Weibchen weniger kontrastreich gef\u00e4rbt als bei alten Weibchen und jungen M\u00e4nnchen. \u00dcber die Armunterseite verlaufen weniger deutliche, zum K\u00f6rper hin meist schmaler und dunkler ausgepr\u00e4gte helle B\u00e4nder, welche soweit reduziert sein k\u00f6nnen, dass sie nur noch ansatzweise oder gar nicht mehr erkennbar sind. Die K\u00f6rperunterseite junger Weibchen ist verh\u00e4ltnism\u00e4\u00dfig monoton gef\u00e4rbt und gezeichnet. Die dunkle Strichelung zeigt sich von der Brust bis zu den Unterschwanzdecken hin kontinuierlich d\u00fcnner und sp\u00e4rlicher. Junge M\u00e4nnchen und besonders adulte Weibchen sind unterseits abwechslungsreicher und oft auch \u201efarbiger\u201c gestrichelt und teilweise getropft. Entgegen bisheriger Auffassung ist die Augenfarbe als Bestimmungsmerkmal mit gro\u00dfer Vorsicht zu behandeln, denn sowohl juvenile wie adulte Weibchen k\u00f6nnen eine gelbe Iris aufweisen, was bei juvenilen M\u00e4nnchen aber bereits ab dem ersten Herbst die Regel darstellt.<\/p>\n\n\n\n<p>Obwohl viele Kennzeichen eine mehr oder weniger starke \u00dcberlappung zeigen, l\u00e4sst sich durch deren Kombination eine Zuordnung in mehr als 99 Prozent aller F\u00e4lle erzielen, insbesondere dann, wenn aufgrund guter Beobachtungsbedingungen und der Verwendung hochwertiger Optik mehrere Merkmale erkennbar sind.<\/p>\n\n\n\n<p>Dennoch geh\u00f6rt die Alters- und Geschlechtsbestimmung weibchenfarbiger Kornweihen keinesfalls zu den leichten ornithologischen Aufgaben und ist daher f\u00fcr den Anf\u00e4nger schwierig. Aber auch fortgeschrittenen Ornithologen gelingt die Identifizierung erst nach einiger \u00dcbung und daraus resultierender Erfahrung. Diese Qualifikation vermittelt jedoch ein unter Beschreibung zus\u00e4tzlicher Merkmale noch weiterf\u00fchrender und mit den Bildern von 57 verschiedenen Kornweihen illustrierter Fachartikel, der auf folgender Website heruntergeladen werden kann:<\/p>\n\n\n<section class=\"vlp-link-container vlp-template-default\">\n\t\t\t<a href=\"https:\/\/www.zeiss.de\/consumer-products\/home\/local\/naturbeobachtung\/kornweihe.html\" class=\"vlp-link\" title=\"Kornweihe | ZEISS Naturbeobachtung\" rel=\"nofollow\" target=\"_blank\"><\/a>\n\t\t\t\t\n\t<div class=\"vlp-link-image-container\" style=\"background-image: url('https:\/\/blogs.zeiss.com\/sports-optics\/birding\/de\/wp-content\/uploads\/sites\/3\/2020\/11\/hen-harrier.png');\">\n\n\n\t<\/div>\n\t\t<div class=\"vlp-link-text-container\">\n\n\t\t<div class=\"vlp-eyebrow\">Externer Inhalt<\/div>\n\n\t\t\t\t<h2 class=\"heading\">\n\t\t\tKornweihe | ZEISS Naturbeobachtung\t\t<\/h2>\n\t\t\t\t\t\t<div class=\"vlp-link-summary\">\n\t\t\tAm Federsee in S\u00fcdwestdeutschland n\u00f6rdlich des Bodensees befindet sich einer der gr\u00f6\u00dften Winterschlafpl\u00e4tze der Kornweihe. Seit 1955 wurden die dortigen Best\u00e4nde gez\u00e4hlt, wobei im&#8230;\n\n\t\t<\/div>\n\t\t\t<\/div>\n<\/section>\n\n\n\n<p><\/p>\n","protected":false},"excerpt":{"rendered":"<p>Die Alters- und Geschlechtsbestimmung brauner Kornweihen blieb lange unklar. Dr. Gerold Dobler liefert einen Einblick in die entscheidenden Details.<\/p>\n","protected":false},"author":36,"featured_media":990,"comment_status":"closed","ping_status":"open","sticky":false,"template":"","format":"standard","meta":{"_acf_changed":false,"advgb_blocks_editor_width":"","advgb_blocks_columns_visual_guide":"","footnotes":""},"categories":[96],"tags":[],"topics":[],"yst_prominent_words":[],"class_list":["post-770","post","type-post","status-publish","format-standard","has-post-thumbnail","hentry","category-erlebnisse"],"acf":[],"author_meta":{"display_name":"ZEISS Birding Team","author_link":"https:\/\/blogs.zeiss.com\/sports-optics\/birding\/de\/author\/zeissgeneral\/"},"featured_img":"https:\/\/blogs.zeiss.com\/sports-optics\/birding\/de\/wp-content\/uploads\/sites\/3\/2020\/11\/Abb._1-Beitrag-1-600x404.jpg","coauthors":[],"tax_additional":{"categories":{"linked":["<a href=\"https:\/\/blogs.zeiss.com\/sports-optics\/birding\/de\/category\/erlebnisse\/\" class=\"advgb-post-tax-term\">Erlebnisse<\/a>"],"unlinked":["<span class=\"advgb-post-tax-term\">Erlebnisse<\/span>"]}},"comment_count":"0","relative_dates":{"created":"Posted 5\u00a0Jahren ago","modified":"Updated 5\u00a0Jahren ago"},"absolute_dates":{"created":"Posted on November 23, 2020","modified":"Updated on Dezember 22, 2020"},"absolute_dates_time":{"created":"Posted on November 23, 2020 8:00 a.m.","modified":"Updated on Dezember 22, 2020 8:52 a.m."},"featured_img_caption":"","series_order":"","_links":{"self":[{"href":"https:\/\/blogs.zeiss.com\/sports-optics\/birding\/de\/wp-json\/wp\/v2\/posts\/770","targetHints":{"allow":["GET"]}}],"collection":[{"href":"https:\/\/blogs.zeiss.com\/sports-optics\/birding\/de\/wp-json\/wp\/v2\/posts"}],"about":[{"href":"https:\/\/blogs.zeiss.com\/sports-optics\/birding\/de\/wp-json\/wp\/v2\/types\/post"}],"author":[{"embeddable":true,"href":"https:\/\/blogs.zeiss.com\/sports-optics\/birding\/de\/wp-json\/wp\/v2\/users\/36"}],"replies":[{"embeddable":true,"href":"https:\/\/blogs.zeiss.com\/sports-optics\/birding\/de\/wp-json\/wp\/v2\/comments?post=770"}],"version-history":[{"count":21,"href":"https:\/\/blogs.zeiss.com\/sports-optics\/birding\/de\/wp-json\/wp\/v2\/posts\/770\/revisions"}],"predecessor-version":[{"id":994,"href":"https:\/\/blogs.zeiss.com\/sports-optics\/birding\/de\/wp-json\/wp\/v2\/posts\/770\/revisions\/994"}],"wp:featuredmedia":[{"embeddable":true,"href":"https:\/\/blogs.zeiss.com\/sports-optics\/birding\/de\/wp-json\/wp\/v2\/media\/990"}],"wp:attachment":[{"href":"https:\/\/blogs.zeiss.com\/sports-optics\/birding\/de\/wp-json\/wp\/v2\/media?parent=770"}],"wp:term":[{"taxonomy":"category","embeddable":true,"href":"https:\/\/blogs.zeiss.com\/sports-optics\/birding\/de\/wp-json\/wp\/v2\/categories?post=770"},{"taxonomy":"post_tag","embeddable":true,"href":"https:\/\/blogs.zeiss.com\/sports-optics\/birding\/de\/wp-json\/wp\/v2\/tags?post=770"},{"taxonomy":"topics","embeddable":true,"href":"https:\/\/blogs.zeiss.com\/sports-optics\/birding\/de\/wp-json\/wp\/v2\/topics?post=770"},{"taxonomy":"yst_prominent_words","embeddable":true,"href":"https:\/\/blogs.zeiss.com\/sports-optics\/birding\/de\/wp-json\/wp\/v2\/yst_prominent_words?post=770"}],"curies":[{"name":"wp","href":"https:\/\/api.w.org\/{rel}","templated":true}]}}