{"id":542,"date":"2020-11-17T14:09:41","date_gmt":"2020-11-17T14:09:41","guid":{"rendered":"https:\/\/blogs.zeiss.com\/intern\/sportsoptics\/birding\/de\/?p=542"},"modified":"2020-12-15T11:20:39","modified_gmt":"2020-12-15T11:20:39","slug":"monitoring-mit-der-neuen-dti-waermebildkamera","status":"publish","type":"post","link":"https:\/\/blogs.zeiss.com\/sports-optics\/birding\/de\/monitoring-mit-der-neuen-dti-waermebildkamera\/","title":{"rendered":"Monitoring mit der neuen DTI W\u00e4rmebildkamera"},"content":{"rendered":"\n<p>Laut EU-Artenschutzverordnung genie\u00dft der Uhu h\u00f6chsten Schutzstatus. \u201eDer Bestand hat aber in den vergangenen Jahren im von uns beobachteten Meraner Talkessel abgenommen\u201c, erkl\u00e4ren die Ornithologen Florian Gamper und Willy Campei vom Pflegezentrum f\u00fcr Vogelfauna auf Schloss Tirol. Die Untersuchungen sollen nun intensiviert und professionalisiert werden: Das deutsche Unternehmen ZEISS, weltweit f\u00fchrend im Bereich der Optik und Optoelektronik, hat nun \u00fcber den italienischen Generalimporteur Bignami aus Auer, eine spezielle W\u00e4rmebildkamera zur Verf\u00fcgung gestellt, die auch nachts detailreiche Bilder der Uhus liefern kann.<br><br>\u201eBisher konnten wir die Uhus nur mit einem Nachsichtger\u00e4t beobachten\u201c, erkl\u00e4ren Florian Gamper und Willy Campei, die gemeinsam das Pflegezentrum f\u00fcr Vogelfauna auf Schloss Tirol betreiben. \u201eDie neue Zeiss-W\u00e4rmebildkamera wird nun eine neue Qualit\u00e4t in unsere Forschung bringen, die in enger Abstimmung mit der Universit\u00e4t M\u00fcnchen erfolgt.\u201c Dr. Gerold Dobler (Carl Zeiss AG), sowie Dr. Achille Berti und Andy De Santis (Bignami) \u00fcberreichten j\u00fcngst den beiden S\u00fcdtiroler Ornithologen die W\u00e4rmebildkamera ZEISS DTI 3\/35 \u2013 und erkundigten sich vor Ort, im Rahmen einer der t\u00e4glich stattfindenden Flugvorf\u00fchrungen, \u00fcber die laufenden Untersuchungen.<\/p>\n\n\n\n<figure class=\"wp-block-gallery columns-1 is-cropped wp-block-gallery-1\"><ul class=\"blocks-gallery-grid\"><li class=\"blocks-gallery-item\"><figure><img loading=\"lazy\" decoding=\"async\" width=\"1024\" height=\"768\" src=\"https:\/\/blogs.zeiss.com\/sports-optics\/birding\/de\/wp-content\/uploads\/sites\/3\/2020\/11\/DSCN5536-1024x768.jpg\" alt=\"\" data-id=\"544\" data-full-url=\"https:\/\/blogs.zeiss.com\/sports-optics\/birding\/de\/wp-content\/uploads\/sites\/3\/2020\/11\/DSCN5536.jpg\" data-link=\"https:\/\/blogs.zeiss.com\/sports-optics\/birding\/de\/?attachment_id=544\" class=\"wp-image-544 is-layout-flex wp-block-gallery-is-layout-flex\" srcset=\"https:\/\/blogs.zeiss.com\/sports-optics\/birding\/de\/wp-content\/uploads\/sites\/3\/2020\/11\/DSCN5536-1024x768.jpg 1024w, https:\/\/blogs.zeiss.com\/sports-optics\/birding\/de\/wp-content\/uploads\/sites\/3\/2020\/11\/DSCN5536-600x450.jpg 600w, https:\/\/blogs.zeiss.com\/sports-optics\/birding\/de\/wp-content\/uploads\/sites\/3\/2020\/11\/DSCN5536-768x576.jpg 768w, https:\/\/blogs.zeiss.com\/sports-optics\/birding\/de\/wp-content\/uploads\/sites\/3\/2020\/11\/DSCN5536-640x480.jpg 640w, https:\/\/blogs.zeiss.com\/sports-optics\/birding\/de\/wp-content\/uploads\/sites\/3\/2020\/11\/DSCN5536-1200x900.jpg 1200w, https:\/\/blogs.zeiss.com\/sports-optics\/birding\/de\/wp-content\/uploads\/sites\/3\/2020\/11\/DSCN5536.jpg 1280w\" sizes=\"auto, (max-width: 639px) 98vw, (max-width: 1199px) 64vw, 770px\" \/><\/figure><\/li><\/ul><\/figure>\n\n\n\n<p>\u201eBisher konnten wir die Uhus nur mit einem Nachsichtger\u00e4t beobachten\u201c, erkl\u00e4ren Florian Gamper und Willy Campei, die gemeinsam das Pflegezentrum f\u00fcr Vogelfauna auf Schloss Tirol betreiben. \u201eDie neue Zeiss-W\u00e4rmebildkamera wird nun eine neue Qualit\u00e4t in unsere Forschung bringen, die in enger Abstimmung mit der Universit\u00e4t M\u00fcnchen erfolgt.\u201c Dr. Gerold Dobler (Carl Zeiss AG), sowie Dr. Achille Berti und Andy De Santis (Bignami) \u00fcberreichten j\u00fcngst den beiden S\u00fcdtiroler Ornithologen die W\u00e4rmebildkamera ZEISS DTI 3\/35 \u2013 und erkundigten sich vor Ort, im Rahmen einer der t\u00e4glich stattfindenden Flugvorf\u00fchrungen, \u00fcber die laufenden Untersuchungen.<\/p>\n\n\n\n<figure class=\"wp-block-gallery columns-1 is-cropped wp-block-gallery-2\"><ul class=\"blocks-gallery-grid\"><li class=\"blocks-gallery-item\"><figure><img loading=\"lazy\" decoding=\"async\" width=\"1024\" height=\"768\" src=\"https:\/\/blogs.zeiss.com\/sports-optics\/birding\/de\/wp-content\/uploads\/sites\/3\/2020\/11\/DSCN5555-1024x768.jpg\" alt=\"\" data-id=\"547\" data-full-url=\"https:\/\/blogs.zeiss.com\/sports-optics\/birding\/de\/wp-content\/uploads\/sites\/3\/2020\/11\/DSCN5555.jpg\" data-link=\"https:\/\/blogs.zeiss.com\/sports-optics\/birding\/de\/?attachment_id=547\" class=\"wp-image-547 is-layout-flex wp-block-gallery-is-layout-flex\" srcset=\"https:\/\/blogs.zeiss.com\/sports-optics\/birding\/de\/wp-content\/uploads\/sites\/3\/2020\/11\/DSCN5555-1024x768.jpg 1024w, https:\/\/blogs.zeiss.com\/sports-optics\/birding\/de\/wp-content\/uploads\/sites\/3\/2020\/11\/DSCN5555-600x450.jpg 600w, https:\/\/blogs.zeiss.com\/sports-optics\/birding\/de\/wp-content\/uploads\/sites\/3\/2020\/11\/DSCN5555-768x576.jpg 768w, https:\/\/blogs.zeiss.com\/sports-optics\/birding\/de\/wp-content\/uploads\/sites\/3\/2020\/11\/DSCN5555-640x480.jpg 640w, https:\/\/blogs.zeiss.com\/sports-optics\/birding\/de\/wp-content\/uploads\/sites\/3\/2020\/11\/DSCN5555-1200x900.jpg 1200w, https:\/\/blogs.zeiss.com\/sports-optics\/birding\/de\/wp-content\/uploads\/sites\/3\/2020\/11\/DSCN5555.jpg 1280w\" sizes=\"auto, (max-width: 639px) 98vw, (max-width: 1199px) 64vw, 770px\" \/><\/figure><\/li><\/ul><\/figure>\n\n\n\n<p>Noch vor 30 Jahren galt der Uhu in S\u00fcdtirol als stark gef\u00e4hrdet. \u201eUm die Jahrtausendwende haben sich die Best\u00e4nde dann gefestigt\u201c, erl\u00e4utern Florian Gamper und Willy Campei. \u201eMittlerweile muss aber leider festgestellt werden, dass die Gef\u00e4hrdung wieder zugenommen hat: Die Zahl der Brutpaare ist zwar noch einigerma\u00dfen stabil, aber der Bruterfolg ist r\u00fcckl\u00e4ufig \u2013 das hei\u00dft, die Zahl der Jungv\u00f6gel nimmt ab.\u201c Eine erste Ursache haben die Ornithologen bereits ausgemacht: die Stromleitungen. Noch genauer zu \u00fcberpr\u00fcfen sei, ob sich auch die steigende Zahl an Hagelnetzen auf die Uhu-Population auswirkt.<br><br>Die beiden Ornithologen werden nun, ausgestattet mit der neuen, hochaufl\u00f6senden Zeiss-W\u00e4rmebildkamera, die vor allem in der Nacht aktiven Uhus in deren nachstehenden Brut- und Jagdrevieren noch genauer beobachten k\u00f6nnen: an der Grenze zwischen Algund und Meran-Gratsch und im Bereich der Brunnenburg (Tirol), im Bereich des T\u00f6llgrabens zwischen Partschins und Algund, im Bereich \u201eGrammegg\u201c (Partschins, Marling und Algund) sowie im Bereich \u201eHappichl\u201c (Partschins). Neben den Forschungen sind auch verschiedene Ma\u00dfnahmen zur Sensibilisierung der Bev\u00f6lkerung geplant.<\/p>\n","protected":false},"excerpt":{"rendered":"<p>Mithilfe der neuen ZEISS DTI W\u00e4remebildkamera wird das Vogelschutzzentrum Tirol zuk\u00fcnftig nachts besser die Bestandsentwicklung von Uhus verfolgen k\u00f6nnen.<\/p>\n","protected":false},"author":36,"featured_media":596,"comment_status":"closed","ping_status":"open","sticky":false,"template":"","format":"standard","meta":{"_acf_changed":false,"advgb_blocks_editor_width":"","advgb_blocks_columns_visual_guide":"","footnotes":""},"categories":[10,96],"tags":[85],"topics":[],"yst_prominent_words":[],"class_list":["post-542","post","type-post","status-publish","format-standard","has-post-thumbnail","hentry","category-naturschutz","category-erlebnisse","tag-monotiring"],"acf":[],"author_meta":{"display_name":"ZEISS Birding Team","author_link":"https:\/\/blogs.zeiss.com\/sports-optics\/birding\/de\/author\/zeissgeneral\/"},"featured_img":"https:\/\/blogs.zeiss.com\/sports-optics\/birding\/de\/wp-content\/uploads\/sites\/3\/2020\/11\/DSCN5541-Kopie-2-600x341.jpg","coauthors":[],"tax_additional":{"categories":{"linked":["<a href=\"https:\/\/blogs.zeiss.com\/sports-optics\/birding\/de\/category\/naturschutz\/\" class=\"advgb-post-tax-term\">Naturschutz<\/a>","<a href=\"https:\/\/blogs.zeiss.com\/sports-optics\/birding\/de\/category\/erlebnisse\/\" class=\"advgb-post-tax-term\">Erlebnisse<\/a>"],"unlinked":["<span class=\"advgb-post-tax-term\">Naturschutz<\/span>","<span class=\"advgb-post-tax-term\">Erlebnisse<\/span>"]},"tags":{"linked":["<a href=\"https:\/\/blogs.zeiss.com\/sports-optics\/birding\/de\/category\/erlebnisse\/\" class=\"advgb-post-tax-term\">monotiring<\/a>"],"unlinked":["<span class=\"advgb-post-tax-term\">monotiring<\/span>"]}},"comment_count":"0","relative_dates":{"created":"Posted 5\u00a0Jahren ago","modified":"Updated 5\u00a0Jahren ago"},"absolute_dates":{"created":"Posted on November 17, 2020","modified":"Updated on Dezember 15, 2020"},"absolute_dates_time":{"created":"Posted on November 17, 2020 2:09 p.m.","modified":"Updated on Dezember 15, 2020 11:20 a.m."},"featured_img_caption":"","series_order":"","_links":{"self":[{"href":"https:\/\/blogs.zeiss.com\/sports-optics\/birding\/de\/wp-json\/wp\/v2\/posts\/542","targetHints":{"allow":["GET"]}}],"collection":[{"href":"https:\/\/blogs.zeiss.com\/sports-optics\/birding\/de\/wp-json\/wp\/v2\/posts"}],"about":[{"href":"https:\/\/blogs.zeiss.com\/sports-optics\/birding\/de\/wp-json\/wp\/v2\/types\/post"}],"author":[{"embeddable":true,"href":"https:\/\/blogs.zeiss.com\/sports-optics\/birding\/de\/wp-json\/wp\/v2\/users\/36"}],"replies":[{"embeddable":true,"href":"https:\/\/blogs.zeiss.com\/sports-optics\/birding\/de\/wp-json\/wp\/v2\/comments?post=542"}],"version-history":[{"count":24,"href":"https:\/\/blogs.zeiss.com\/sports-optics\/birding\/de\/wp-json\/wp\/v2\/posts\/542\/revisions"}],"predecessor-version":[{"id":749,"href":"https:\/\/blogs.zeiss.com\/sports-optics\/birding\/de\/wp-json\/wp\/v2\/posts\/542\/revisions\/749"}],"wp:featuredmedia":[{"embeddable":true,"href":"https:\/\/blogs.zeiss.com\/sports-optics\/birding\/de\/wp-json\/wp\/v2\/media\/596"}],"wp:attachment":[{"href":"https:\/\/blogs.zeiss.com\/sports-optics\/birding\/de\/wp-json\/wp\/v2\/media?parent=542"}],"wp:term":[{"taxonomy":"category","embeddable":true,"href":"https:\/\/blogs.zeiss.com\/sports-optics\/birding\/de\/wp-json\/wp\/v2\/categories?post=542"},{"taxonomy":"post_tag","embeddable":true,"href":"https:\/\/blogs.zeiss.com\/sports-optics\/birding\/de\/wp-json\/wp\/v2\/tags?post=542"},{"taxonomy":"topics","embeddable":true,"href":"https:\/\/blogs.zeiss.com\/sports-optics\/birding\/de\/wp-json\/wp\/v2\/topics?post=542"},{"taxonomy":"yst_prominent_words","embeddable":true,"href":"https:\/\/blogs.zeiss.com\/sports-optics\/birding\/de\/wp-json\/wp\/v2\/yst_prominent_words?post=542"}],"curies":[{"name":"wp","href":"https:\/\/api.w.org\/{rel}","templated":true}]}}