{"id":480,"date":"2019-02-07T12:58:28","date_gmt":"2019-02-07T12:58:28","guid":{"rendered":"https:\/\/blogs.zeiss.com\/intern\/sportsoptics\/birding\/de\/?p=480"},"modified":"2020-11-23T07:40:02","modified_gmt":"2020-11-23T07:40:02","slug":"mysterioese-eulen-und-junge-vogelbeobachter","status":"publish","type":"post","link":"https:\/\/blogs.zeiss.com\/sports-optics\/birding\/de\/mysterioese-eulen-und-junge-vogelbeobachter\/","title":{"rendered":"Mysteri\u00f6se Eulen und junge Vogelbeobachter"},"content":{"rendered":"\n<h2 class=\"wp-block-heading\" id=\"h-new-jersey-audubon\">New Jersey Audubon<\/h2>\n\n\n\n<div style=\"height:50px\" aria-hidden=\"true\" class=\"wp-block-spacer\"><\/div>\n\n\n\n<p>Ihr Kopf besteht quasi nur aus Augen. Sie drehen den Kopf bis auf den R\u00fccken, wenn ihr herausragendes Geh\u00f6r ein Ger\u00e4usch hinter sich wahrnimmt. Und ihre Krallen sind messerscharf. Eulen sind Emmas absolute Lieblingsv\u00f6gel, sie findet sie mysteri\u00f6s. Emma, 15 Jahre alt, erlebt einen besonderen Zauber, wenn sie Eulen beobachten darf. Ebenso gerne schaut sie den Spechten zu, die sie zwar als etwas einf\u00e4ltig wahrnimmt, aber gerade deswegen so liebt. Was f\u00fcr viele Teenager einfach nur V\u00f6gel sind, die sie gar nicht richtig beachten, ist Emma Stunden ruhigen Beobachtens durchs Fernglas wert.<\/p>\n\n\n\n<p>Sie schaut auf jedes Detail, entdeckt die Charakterz\u00fcge der V\u00f6gel und deren einzigartigen Farben. Durchs Fernglas kommt sie den V\u00f6geln so nahe, dass sie ihre Wesensz\u00fcge erfasst. Emmas Interesse f\u00fcr die Natur begann bereits mit f\u00fcnf Jahren. Ihre Mutter Tracey recherchierte, wie sie Emmas Faszination unterst\u00fctzen k\u00f6nne. So stie\u00df sie auf die Kinderprogramme des Naturschutzverbandes New Jersey Audubon, wo Emma gemeinsam mit anderen Kindern bei Ausfl\u00fcgen lernte, V\u00f6gel zu unterscheiden und genau zu bestimmen. Schon bald nahm Emma auch an Exkursionen der Erwachsenen teil.<\/p>\n\n\n\n<div style=\"height:50px\" aria-hidden=\"true\" class=\"wp-block-spacer\"><\/div>\n\n\n\n<blockquote class=\"wp-block-quote is-layout-flow wp-block-quote-is-layout-flow\"><p>WENN KINDER VIEL \u00dcBER DAS INTERESSANTE TIERLEBEN LERNEN, SIND SIE MOTIVIERT, SICH F\u00dcR NATURSCHUTZAKTIONEN ZU ENGAGIEREN.<\/p><\/blockquote>\n\n\n\n<div style=\"height:50px\" aria-hidden=\"true\" class=\"wp-block-spacer\"><\/div>\n\n\n\n  <figure id=\"image-wo-block_5faa333703091\" class=\"image-options  none full-width\">\n\n\n\n    <div class=\"image-wo\">\n       <div class=\"image-wo-wrap\">\n      \n\n                       <img decoding=\"async\" src=\"https:\/\/blogs.zeiss.com\/sports-optics\/birding\/de\/wp-content\/uploads\/sites\/3\/2020\/11\/zeiss_nature_blog_young_birder_19-02-2.png\" alt=\"\">\n                 <\/div>\n          \n\n\n\n\n  <!-- end image-options-->\n  <\/figure>\n\n\n\n<div style=\"height:50px\" aria-hidden=\"true\" class=\"wp-block-spacer\"><\/div>\n\n\n\n<p>Audubon ist in den USA der gr\u00f6\u00dfte Naturschutzverband und Partner von BirdLife International. In New Jersey betreiben sie eine eigenst\u00e4ndige, unabh\u00e4ngige Organisation als New Jersey Audubon, die 1897 gegr\u00fcndet wurde und damit die \u00e4lteste und gr\u00f6\u00dfte Naturschutzorganisation im Bundesstaat ist.<\/p>\n\n\n\n<p>Dale Rosselet ist als Vizepr\u00e4sidentin f\u00fcr den Bereich Erziehung die Verantwortliche f\u00fcr die Young Birders. Ihr ist es besonders wichtig, dass Kinder sobald als m\u00f6glich an die Natur herangef\u00fchrt werden. Dale berichtet von Studien, wonach Kinder, die fr\u00fch eine Verbindung zur Natur aufbauen, lebenslang das Interesse f\u00fcr ihre Umwelt behalten. Als Kinder erleben sie ganz andere Eigenschaften der V\u00f6gel als nur das Federkleid und das Flugverhalten.<\/p>\n\n\n\n<p>Mit Kinderaugen lassen sich die Besonderheiten der V\u00f6gel viel lebendiger mit unserem Verhalten vergleichen. New Jersey ist der viertkleinste Bundesstaat der USA und gleichzeitig der bev\u00f6lkerungsdichteste. Direkt angrenzend an die Staaten New York und Pennsylvania bietet der kleine Bundesstaat neben vollen Gro\u00dfst\u00e4dten die malerische Atlantische K\u00fcstenebene und dichte W\u00e4lder.<\/p>\n\n\n\n<p>Aber auch in den St\u00e4dten erleben Young Birders gemeinsam die Tierwelt, angeleitet durch New Jersey Audubon. Unter den Tieren im urbanen Umfeld sind V\u00f6gel am einfachsten und offensichtlichsten zu entdecken, wenn es auch nicht die gleiche Artenvielfalt wie auf dem Land gibt. Dale erlebt, welche Freude die Kinder an den V\u00f6geln in der unmittelbaren Nachbarschaft haben.<\/p>\n\n\n\n<div style=\"height:50px\" aria-hidden=\"true\" class=\"wp-block-spacer\"><\/div>\n\n\n\n<blockquote class=\"wp-block-quote is-layout-flow wp-block-quote-is-layout-flow\"><p>INZWISCHEN VERF\u00dcGT EMMA \u00dcBER BREITE ARTENKENNTNISSE, \u00dcBER SELTENHEITEN UND VOR ALLEM \u00dcBER EINEN \u201eLIFER\u201c, EINEN VOGEL, DEN SIE ZUM ERSTEN MAL IM LEBEN SIEHT, FREUT SIE SICH BESONDERS.<\/p><\/blockquote>\n\n\n\n<div style=\"height:50px\" aria-hidden=\"true\" class=\"wp-block-spacer\"><\/div>\n\n\n\n<div class=\"wp-block-media-text alignwide is-stacked-on-mobile is-image-fill\"><figure class=\"wp-block-media-text__media\" style=\"background-image:url(https:\/\/blogs.zeiss.com\/sports-optics\/birding\/de\/wp-content\/uploads\/sites\/3\/2020\/11\/zeiss_nature_blog_young_birder_19-02-5.png);background-position:61% 50%\"><img loading=\"lazy\" decoding=\"async\" width=\"480\" height=\"580\" src=\"https:\/\/blogs.zeiss.com\/sports-optics\/birding\/de\/wp-content\/uploads\/sites\/3\/2020\/11\/zeiss_nature_blog_young_birder_19-02-5.png\" alt=\"\" class=\"wp-image-483\"\/><\/figure><div class=\"wp-block-media-text__content\">\n<p>Am Birding gef\u00e4llt ihr, mit ihren Freunden beim Young Birders\u2018 Club zusammen zu sein, und vor allem die Zeit in der Natur. Neben der Beobachtung durchs Fernglas fischt sie gerne und besch\u00e4ftigt sich mit Reptilien und Amphibien. Inzwischen ist Emma bei den Teenagern der Young Birders, die alle zwischen elf und 17 Jahren sind. Gemeinsam gehen sie ein- bis zweimal im Monat auf Ausfl\u00fcge, jedoch ziehen Emma und ihre besten Freunde viel h\u00e4ufiger gemeinsam in die W\u00e4lder und ans Wasser zum Beobachten. Selbst diejenigen, die das College schon abgeschlossen haben, kommen mit dazu.<\/p>\n\n\n\n<p>Dale Rosselet von New Jersey Audubon achtet auf ein vielseitiges Programm f\u00fcr die jungen Vogelbeobachter. In den vier Naturschutzzentren f\u00fchren Naturp\u00e4dagogen Schulkinder an die Tier- und Pflanzenwelt heran. Vom K\u00e4fer \u00fcber B\u00e4ume bis zu den V\u00f6geln zeigen sie deren Habitate und wie man sie sch\u00fctzen kann. Zentrale Aufgabe des Verbandes ist es, Naturschutz und Umweltbewusstsein zu vermitteln sowie bedrohte Arten zu sch\u00fctzen.<\/p>\n<\/div><\/div>\n\n\n\n<div style=\"height:50px\" aria-hidden=\"true\" class=\"wp-block-spacer\"><\/div>\n\n\n\n<p>Da ist es am besten, ganz fr\u00fch bei den J\u00fcngsten anzufangen. Im kompletten Bundesstaat motivierten sie im letzten Jahr 3.256 Kinder, an den Vogelbeobachtungskursen teilzunehmen. Interessanterweise ist der Anteil zwischen M\u00e4dchen und Jungen ebenso wie bei den Erwachsenen ziemlich ausgewogen. F\u00fcr Jugendliche bieten Dale und ihre Kollegen Kurse zur Vogelberingung, Datensammlung und Zugvogelbeobachtung an.<\/p>\n\n\n\n<p>Emma besuchte im letzten Jahr einen l\u00e4ngeren Spezialkurs zum Z\u00e4hlen von Falken w\u00e4hrend des Vogelzugs und lernte, Besucher der Beobachtungst\u00fcrme \u00fcber den Vogelzug zu informieren. Gelegentlich unterst\u00fctzte sie sogar den Biologieprofessor Tom Brown beim Vogelberingen.<\/p>\n\n\n\n<div style=\"height:50px\" aria-hidden=\"true\" class=\"wp-block-spacer\"><\/div>\n\n\n\n<blockquote class=\"wp-block-quote is-layout-flow wp-block-quote-is-layout-flow\"><p>MIT ALL DIESEN PROGRAMMEN BEGEISTERT DALE KINDER IM JUNGEN ALTER F\u00dcR DIE NATUR. EIN ENTSCHEIDENDER FAKTOR IST IMMER DER SPASS<\/p><\/blockquote>\n\n\n\n<div style=\"height:50px\" aria-hidden=\"true\" class=\"wp-block-spacer\"><\/div>\n\n\n\n  <figure id=\"image-wo-block_5faa345103093\" class=\"image-options  none full-width\">\n\n\n\n    <div class=\"image-wo\">\n       <div class=\"image-wo-wrap\">\n      \n\n                       <img decoding=\"async\" src=\"https:\/\/blogs.zeiss.com\/sports-optics\/birding\/de\/wp-content\/uploads\/sites\/3\/2020\/11\/zeiss_nature_blog_young_birder_19-02-3.png\" alt=\"\">\n                 <\/div>\n          \n\n\n\n\n  <!-- end image-options-->\n  <\/figure>\n\n\n\n<div style=\"height:50px\" aria-hidden=\"true\" class=\"wp-block-spacer\"><\/div>\n\n\n\n<p>Sehr fr\u00fch in ihrer Arbeit merkte Dale, dass ihre Ferngl\u00e4ser nicht ausreichen. Kinder brauchen schneller Erfolgserlebnisse als Erwachsene, um Freude an einer T\u00e4tigkeit zu entwickeln, zudem ist ihr geringer Augenabstand schwierig, um durchs Fernglas wirklich vern\u00fcnftig ein scharfes Gesamtbild zu bekommen. Die Optik sollte farbgetreu und scharf sein, auch in der D\u00e4mmerung noch funktionieren, und die Ferngl\u00e4ser sollten schnell auf den jeweiligen Augenabstand angepasst werden k\u00f6nnen. So ging Dale auf ZEISS in den USA zu, die bereits ihre Naturschutzzentren mit Ferngl\u00e4sern zum Verkauf belieferten. In Richard Moncrief fand Dale einen engen Verb\u00fcndeten bei ihrer Mission, Menschen n\u00e4her mit der Natur zu verbinden.<\/p>\n\n\n\n<p><\/p>\n\n\n\n<p><strong>MEHR INFORMATIONEN<\/strong><\/p>\n\n\n\n<p><a href=\"https:\/\/njaudubon.org\/\" target=\"_blank\" rel=\"noreferrer noopener\"><strong>New Jersey Audubon<\/strong><\/a><\/p>\n\n\n\n<p><a href=\"https:\/\/njaudubon.org\/young-birders\/\" target=\"_blank\" rel=\"noreferrer noopener\"><strong>NJA Young Birders Club<\/strong><\/a><\/p>\n\n\n\n<p><a href=\"https:\/\/www.instagram.com\/zeissnature\/\" target=\"_blank\" rel=\"noreferrer noopener\"><strong>ZEISS Nature @ Instagram<\/strong><\/a><\/p>\n\n\n\n<p><\/p>\n\n\n\n<p>Richard von ZEISS r\u00fcstete die Young Birders mit Terra ED Ferngl\u00e4sern im Zuge eines Sponsorings aus. Dass jedes Detail z\u00e4hlt, wei\u00df Emma zu gut, wenn es darum geht, V\u00f6gel zu bestimmen. Ihre Eltern hat Emma inzwischen auch angesteckt, sie planen ihre Urlaube so, dass Emma in Sachen Birding auf ihre Kosten kommt. An einen Urlaub in Adirondacks, im Staate New York, erinnert sich Emma besonders gerne, dort f\u00fctterte sie wilde, kanadische Eichelh\u00e4her aus der Hand. Jetzt im Winter konzentriert sie sich zu Hause auf Eulen und Wasserv\u00f6gel. Was Emma sp\u00e4ter einmal werden will, wei\u00df sie noch nicht genau. Sicher ist f\u00fcr sie nur, einen Bezug zur Vogelbeobachtung muss ihr Beruf unabdingbar haben.<\/p>\n\n\n\n<p><\/p>\n\n\n\n<p><strong>FERNGL\u00c4SER VON ZEISS<\/strong><\/p>\n\n\n\n<p><a href=\"https:\/\/www.zeiss.de\/sports-optics\/de_de\/natur\/fernglaeser\/terra-fernglaeser\/terra-ed-fernglaeser.html\" target=\"_blank\" rel=\"noreferrer noopener\"><strong>ZEISS Terra ED Ferngl\u00e4ser<\/strong><\/a><\/p>\n\n\n\n<p><strong><a href=\"https:\/\/blogs.zeiss.com\/sports-optics\/birding\/de\/zeiss-fernglaeser-fuer-vogelbeobachter\/\" target=\"_blank\" rel=\"noreferrer noopener\">ZEISS Ferngl\u00e4ser f\u00fcr Vogelbeobachter<\/a><\/strong><\/p>\n","protected":false},"excerpt":{"rendered":"<p>Mit ihrem Young Birders Programm weckt die Organisation New Jersey Audubon in den USA die Begeisterung zahlreicher Kinder und Jugendliche f\u00fcr die Natur.<\/p>\n","protected":false},"author":36,"featured_media":481,"comment_status":"closed","ping_status":"open","sticky":false,"template":"","format":"standard","meta":{"_acf_changed":false,"advgb_blocks_editor_width":"","advgb_blocks_columns_visual_guide":"","footnotes":""},"categories":[94,96],"tags":[24,26,27,68,69,70,71,72,73],"topics":[],"yst_prominent_words":[],"class_list":["post-480","post","type-post","status-publish","format-standard","has-post-thumbnail","hentry","category-community","category-erlebnisse","tag-terra-ed","tag-vogelbeobachtung","tag-zeiss","tag-naturschutz","tag-naturpaedagogik","tag-naturbeobachtung","tag-new-jersey-audubon","tag-fernglas","tag-usa"],"acf":[],"author_meta":{"display_name":"ZEISS Birding Team","author_link":"https:\/\/blogs.zeiss.com\/sports-optics\/birding\/de\/author\/zeissgeneral\/"},"featured_img":"https:\/\/blogs.zeiss.com\/sports-optics\/birding\/de\/wp-content\/uploads\/sites\/3\/2020\/11\/zeiss_nature_blog_young_birder_19-02-1-600x299.png","coauthors":[],"tax_additional":{"categories":{"linked":["<a href=\"https:\/\/blogs.zeiss.com\/sports-optics\/birding\/de\/category\/community\/\" class=\"advgb-post-tax-term\">Community<\/a>","<a href=\"https:\/\/blogs.zeiss.com\/sports-optics\/birding\/de\/category\/erlebnisse\/\" class=\"advgb-post-tax-term\">Erlebnisse<\/a>"],"unlinked":["<span class=\"advgb-post-tax-term\">Community<\/span>","<span class=\"advgb-post-tax-term\">Erlebnisse<\/span>"]},"tags":{"linked":["<a href=\"https:\/\/blogs.zeiss.com\/sports-optics\/birding\/de\/category\/erlebnisse\/\" class=\"advgb-post-tax-term\">TERRA ED<\/a>","<a href=\"https:\/\/blogs.zeiss.com\/sports-optics\/birding\/de\/category\/erlebnisse\/\" class=\"advgb-post-tax-term\">Vogelbeobachtung<\/a>","<a href=\"https:\/\/blogs.zeiss.com\/sports-optics\/birding\/de\/category\/erlebnisse\/\" class=\"advgb-post-tax-term\">ZEISS<\/a>","<a href=\"https:\/\/blogs.zeiss.com\/sports-optics\/birding\/de\/category\/erlebnisse\/\" class=\"advgb-post-tax-term\">Naturschutz<\/a>","<a href=\"https:\/\/blogs.zeiss.com\/sports-optics\/birding\/de\/category\/erlebnisse\/\" class=\"advgb-post-tax-term\">Naturp\u00e4dagogik<\/a>","<a href=\"https:\/\/blogs.zeiss.com\/sports-optics\/birding\/de\/category\/erlebnisse\/\" class=\"advgb-post-tax-term\">Naturbeobachtung<\/a>","<a href=\"https:\/\/blogs.zeiss.com\/sports-optics\/birding\/de\/category\/erlebnisse\/\" class=\"advgb-post-tax-term\">new jersey audubon<\/a>","<a href=\"https:\/\/blogs.zeiss.com\/sports-optics\/birding\/de\/category\/erlebnisse\/\" class=\"advgb-post-tax-term\">Fernglas<\/a>","<a href=\"https:\/\/blogs.zeiss.com\/sports-optics\/birding\/de\/category\/erlebnisse\/\" class=\"advgb-post-tax-term\">usa<\/a>"],"unlinked":["<span class=\"advgb-post-tax-term\">TERRA ED<\/span>","<span class=\"advgb-post-tax-term\">Vogelbeobachtung<\/span>","<span class=\"advgb-post-tax-term\">ZEISS<\/span>","<span class=\"advgb-post-tax-term\">Naturschutz<\/span>","<span class=\"advgb-post-tax-term\">Naturp\u00e4dagogik<\/span>","<span class=\"advgb-post-tax-term\">Naturbeobachtung<\/span>","<span class=\"advgb-post-tax-term\">new jersey audubon<\/span>","<span class=\"advgb-post-tax-term\">Fernglas<\/span>","<span class=\"advgb-post-tax-term\">usa<\/span>"]}},"comment_count":"0","relative_dates":{"created":"Posted 7\u00a0Jahren ago","modified":"Updated 5\u00a0Jahren ago"},"absolute_dates":{"created":"Posted on Februar 7, 2019","modified":"Updated on November 23, 2020"},"absolute_dates_time":{"created":"Posted on Februar 7, 2019 12:58 p.m.","modified":"Updated on November 23, 2020 7:40 a.m."},"featured_img_caption":"","series_order":"","_links":{"self":[{"href":"https:\/\/blogs.zeiss.com\/sports-optics\/birding\/de\/wp-json\/wp\/v2\/posts\/480","targetHints":{"allow":["GET"]}}],"collection":[{"href":"https:\/\/blogs.zeiss.com\/sports-optics\/birding\/de\/wp-json\/wp\/v2\/posts"}],"about":[{"href":"https:\/\/blogs.zeiss.com\/sports-optics\/birding\/de\/wp-json\/wp\/v2\/types\/post"}],"author":[{"embeddable":true,"href":"https:\/\/blogs.zeiss.com\/sports-optics\/birding\/de\/wp-json\/wp\/v2\/users\/36"}],"replies":[{"embeddable":true,"href":"https:\/\/blogs.zeiss.com\/sports-optics\/birding\/de\/wp-json\/wp\/v2\/comments?post=480"}],"version-history":[{"count":11,"href":"https:\/\/blogs.zeiss.com\/sports-optics\/birding\/de\/wp-json\/wp\/v2\/posts\/480\/revisions"}],"predecessor-version":[{"id":764,"href":"https:\/\/blogs.zeiss.com\/sports-optics\/birding\/de\/wp-json\/wp\/v2\/posts\/480\/revisions\/764"}],"wp:featuredmedia":[{"embeddable":true,"href":"https:\/\/blogs.zeiss.com\/sports-optics\/birding\/de\/wp-json\/wp\/v2\/media\/481"}],"wp:attachment":[{"href":"https:\/\/blogs.zeiss.com\/sports-optics\/birding\/de\/wp-json\/wp\/v2\/media?parent=480"}],"wp:term":[{"taxonomy":"category","embeddable":true,"href":"https:\/\/blogs.zeiss.com\/sports-optics\/birding\/de\/wp-json\/wp\/v2\/categories?post=480"},{"taxonomy":"post_tag","embeddable":true,"href":"https:\/\/blogs.zeiss.com\/sports-optics\/birding\/de\/wp-json\/wp\/v2\/tags?post=480"},{"taxonomy":"topics","embeddable":true,"href":"https:\/\/blogs.zeiss.com\/sports-optics\/birding\/de\/wp-json\/wp\/v2\/topics?post=480"},{"taxonomy":"yst_prominent_words","embeddable":true,"href":"https:\/\/blogs.zeiss.com\/sports-optics\/birding\/de\/wp-json\/wp\/v2\/yst_prominent_words?post=480"}],"curies":[{"name":"wp","href":"https:\/\/api.w.org\/{rel}","templated":true}]}}