{"id":348,"date":"2017-11-13T14:23:00","date_gmt":"2017-11-13T14:23:00","guid":{"rendered":"https:\/\/blogs.zeiss.com\/intern\/sportsoptics\/birding\/de\/?p=348"},"modified":"2020-11-23T07:41:08","modified_gmt":"2020-11-23T07:41:08","slug":"einsatz-fuer-bedrohte-vogelarten","status":"publish","type":"post","link":"https:\/\/blogs.zeiss.com\/sports-optics\/birding\/de\/einsatz-fuer-bedrohte-vogelarten\/","title":{"rendered":"Einsatz f\u00fcr bedrohte Vogelarten."},"content":{"rendered":"\n<p>HEUTE GIBT ES VIELE WIEDERANSIEDELUNGS- VERSUCHE, UM DEN WALDRAPP ALS BRUTVOGEL IN EUROPA ERNEUT ZU ETABLIEREN.<\/p>\n\n\n\n<div style=\"height:50px\" aria-hidden=\"true\" class=\"wp-block-spacer\"><\/div>\n\n\n\n<figure class=\"wp-block-gallery columns-2 is-cropped wp-block-gallery-1\"><ul class=\"blocks-gallery-grid\"><li class=\"blocks-gallery-item\"><figure><img loading=\"lazy\" decoding=\"async\" width=\"622\" height=\"391\" src=\"https:\/\/blogs.zeiss.com\/sports-optics\/birding\/de\/wp-content\/uploads\/sites\/3\/2020\/11\/iStock_37041186_MEDIUM_Ibis-fliegend_Gerdzhikov-622x391-1.jpg\" alt=\"\" data-id=\"350\" data-link=\"https:\/\/blogs.zeiss.com\/sports-optics\/birding\/de\/?attachment_id=350\" class=\"wp-image-350\" srcset=\"https:\/\/blogs.zeiss.com\/sports-optics\/birding\/de\/wp-content\/uploads\/sites\/3\/2020\/11\/iStock_37041186_MEDIUM_Ibis-fliegend_Gerdzhikov-622x391-1.jpg 622w, https:\/\/blogs.zeiss.com\/sports-optics\/birding\/de\/wp-content\/uploads\/sites\/3\/2020\/11\/iStock_37041186_MEDIUM_Ibis-fliegend_Gerdzhikov-622x391-1-600x377.jpg 600w\" sizes=\"auto, (max-width: 639px) 98vw, (max-width: 1199px) 64vw, 622px\" \/><figcaption class=\"blocks-gallery-item__caption is-layout-flex wp-block-gallery-is-layout-flex\">Wild Bald Ibis<\/figcaption><\/figure><\/li><li class=\"blocks-gallery-item\"><figure><img loading=\"lazy\" decoding=\"async\" width=\"1000\" height=\"777\" src=\"https:\/\/blogs.zeiss.com\/sports-optics\/birding\/de\/wp-content\/uploads\/sites\/3\/2020\/11\/maps_Magalog_EUROPA.jpg\" alt=\"\" data-id=\"351\" data-full-url=\"https:\/\/blogs.zeiss.com\/sports-optics\/birding\/de\/wp-content\/uploads\/sites\/3\/2020\/11\/maps_Magalog_EUROPA.jpg\" data-link=\"https:\/\/blogs.zeiss.com\/sports-optics\/birding\/de\/?attachment_id=351\" class=\"wp-image-351\" srcset=\"https:\/\/blogs.zeiss.com\/sports-optics\/birding\/de\/wp-content\/uploads\/sites\/3\/2020\/11\/maps_Magalog_EUROPA.jpg 1000w, https:\/\/blogs.zeiss.com\/sports-optics\/birding\/de\/wp-content\/uploads\/sites\/3\/2020\/11\/maps_Magalog_EUROPA-600x466.jpg 600w, https:\/\/blogs.zeiss.com\/sports-optics\/birding\/de\/wp-content\/uploads\/sites\/3\/2020\/11\/maps_Magalog_EUROPA-768x597.jpg 768w, https:\/\/blogs.zeiss.com\/sports-optics\/birding\/de\/wp-content\/uploads\/sites\/3\/2020\/11\/maps_Magalog_EUROPA-640x497.jpg 640w\" sizes=\"auto, (max-width: 639px) 98vw, (max-width: 1199px) 64vw, 770px\" \/><figcaption class=\"blocks-gallery-item__caption\">Zentraleuropa<\/figcaption><\/figure><\/li><\/ul><\/figure>\n\n\n\n<div style=\"height:50px\" aria-hidden=\"true\" class=\"wp-block-spacer\"><\/div>\n\n\n\n<p><strong>Faszinierend und unersetzlich: Vogelarten wie der Steppenadler, der Sperbergeier oder der Gro\u00dfe Knutt sind einzigartig. Wom\u00f6glich sind sie jedoch bald verschwunden, wenn wir nichts dagegen unternehmen: Auf der Roten Arten Liste von 2015 stufte BirdLife International ihren Bestand kritischer ein als noch im Jahr davor. ZEISS engagiert sich als \u201eRed Listing Sponsor\u201c f\u00fcr den Erhalt der Artenvielfalt.<\/strong><\/p>\n\n\n\n<p>Erfahrene Vogelbeobachter geraten angesichts des f\u00fcr Nichtkundige weniger attraktiven Vogels schnell aus dem H\u00e4uschen: Der Waldrapp ist in Zentraleuropa seit dem 17. Jahrhundert ausgestorben. Mit der Gr\u00f6\u00dfe einer Gans und dem roten, nackten Gesicht sowie der schwarzen Krone ist der sehr gesellige Vogel nicht zu \u00fcbersehen.<\/p>\n\n\n\n<div style=\"height:50px\" aria-hidden=\"true\" class=\"wp-block-spacer\"><\/div>\n\n\n\n<div class=\"wp-block-media-text alignwide has-media-on-the-right is-stacked-on-mobile is-image-fill\"><figure class=\"wp-block-media-text__media\" style=\"background-image:url(https:\/\/blogs.zeiss.com\/sports-optics\/birding\/de\/wp-content\/uploads\/sites\/3\/2020\/11\/iStock_84837809_LARGE_Ibis_Fireglo2-622x444-1.jpg);background-position:50% 50%\"><img loading=\"lazy\" decoding=\"async\" width=\"622\" height=\"444\" src=\"https:\/\/blogs.zeiss.com\/sports-optics\/birding\/de\/wp-content\/uploads\/sites\/3\/2020\/11\/iStock_84837809_LARGE_Ibis_Fireglo2-622x444-1.jpg\" alt=\"\" class=\"wp-image-352\" srcset=\"https:\/\/blogs.zeiss.com\/sports-optics\/birding\/de\/wp-content\/uploads\/sites\/3\/2020\/11\/iStock_84837809_LARGE_Ibis_Fireglo2-622x444-1.jpg 622w, https:\/\/blogs.zeiss.com\/sports-optics\/birding\/de\/wp-content\/uploads\/sites\/3\/2020\/11\/iStock_84837809_LARGE_Ibis_Fireglo2-622x444-1-600x428.jpg 600w\" sizes=\"auto, (max-width: 639px) 98vw, (max-width: 1199px) 64vw, 622px\" \/><\/figure><div class=\"wp-block-media-text__content\">\n<h5 class=\"wp-block-heading\" id=\"h-der-waldrapp-eine-gef-hrdete-vogelart\">Der Waldrapp \u2013 eine gef\u00e4hrdete Vogelart<\/h5>\n\n\n\n<p>Sein Schicksal ist symptomatisch f\u00fcr viele Vogelarten: In Zentraleuropa war er lange Zeit weit verbreitet. Bis er intensiver Bejagung zum Opfer fiel. Heute existiert er wildlebend fast ausschlie\u00dflich in Marokko. In Syrien ist der Bestand in den letzten 30 Jahren weiterhin stark zur\u00fcckgegangen. Dort ist aktuell an einen Schutz der Habitate nicht zu denken.<\/p>\n<\/div><\/div>\n\n\n\n<div style=\"height:50px\" aria-hidden=\"true\" class=\"wp-block-spacer\"><\/div>\n\n\n\n<p>Im alten \u00c4gypten galt der Waldrapp als Lichtbringer und im Islam steht er f\u00fcr Gl\u00fcck: Er soll Noah nach der Sintflut den Weg ins fruchtbare Tal des Euphrat gezeigt haben. Im Orient glaubten die Menschen gar, der Waldrapp trage die Seelen der Verstorbenen davon. In Europa sch\u00fctzten den auff\u00e4lligen Vogel leider keine Mythen: Er war Ziel vieler Troph\u00e4enj\u00e4ger und die Jungv\u00f6gel galten schlicht und einfach im Mittelalter als Delikatesse.<\/p>\n\n\n\n<p>Heute gibt es viele&nbsp;<strong>Wiederansiedelungsversuche<\/strong>, um den Waldrapp als Brutvogel in Europa erneut zu etablieren. Jedoch br\u00fcten Einzelpaare in der Regel nicht, sondern Brutstimmung entsteht erst in der Kolonie. Der Waldrapp lebt zumeist in Gesellschaft von mehreren Dutzend bis hundert Exemplaren zusammen und br\u00fctet einmal pro Jahr. Daf\u00fcr beteiligen sich beide Geschlechter gleicherma\u00dfen am Nestbau. Eine weitere Herausforderung f\u00fcr die Auswilderung ist, dass der Waldrapp als Zugvogel die Flugroute im ersten Jahr von seinen Eltern erlernt. Bei einer Auswilderung aus Zoos fliegen daher auch mal die menschlichen Zieheltern mit Leichtflugzeugen voraus. Was jedoch nicht die gleiche Wirkung erzielt.<\/p>\n\n\n\n<p>Weltweit gilt der Waldrapp als&nbsp;<strong>vom Aussterben bedroht<\/strong>. Ganz anders als das Rebhuhn, das weltweit auf der Roten Artenliste als nicht gef\u00e4hrdet (\u201eLeast Concern\u201c) eingestuft ist. Und dennoch in seiner europ\u00e4ischen Population als gef\u00e4hrdet (\u201eVulnerable\u201c) angesehen wird. Seit 1970 ist der Bestand stark zur\u00fcckgegangen, da seine Lebensr\u00e4ume in flurbereinigte und bewirtschaftete Fl\u00e4chen umgewandelt wurden.<\/p>\n\n\n\n<div style=\"height:50px\" aria-hidden=\"true\" class=\"wp-block-spacer\"><\/div>\n\n\n\n<blockquote class=\"wp-block-quote is-layout-flow wp-block-quote-is-layout-flow\"><p>MIT DER ROTEN LISTE SOLL DIE \u00d6FFENTLICHKEIT AUF DAS SCHICKSAL DER EINZELNEN ARTEN AUFMERKSAM GEMACHT WERDEN, UM KONKRETE MASSNAHMEN F\u00dcR DEN ERHALT IHRER LEBENSR\u00c4UME ABZULEITE<\/p><\/blockquote>\n\n\n\n<div style=\"height:50px\" aria-hidden=\"true\" class=\"wp-block-spacer\"><\/div>\n\n\n\n<div class=\"wp-block-media-text alignwide is-stacked-on-mobile\"><figure class=\"wp-block-media-text__media\"><img loading=\"lazy\" decoding=\"async\" width=\"622\" height=\"429\" src=\"https:\/\/blogs.zeiss.com\/sports-optics\/birding\/de\/wp-content\/uploads\/sites\/3\/2020\/11\/iStock_97997099_LARGE_Ibis_curtellis-622x429-1.jpg\" alt=\"\" class=\"wp-image-355\" srcset=\"https:\/\/blogs.zeiss.com\/sports-optics\/birding\/de\/wp-content\/uploads\/sites\/3\/2020\/11\/iStock_97997099_LARGE_Ibis_curtellis-622x429-1.jpg 622w, https:\/\/blogs.zeiss.com\/sports-optics\/birding\/de\/wp-content\/uploads\/sites\/3\/2020\/11\/iStock_97997099_LARGE_Ibis_curtellis-622x429-1-600x414.jpg 600w\" sizes=\"auto, (max-width: 639px) 98vw, (max-width: 1199px) 64vw, 622px\" \/><\/figure><div class=\"wp-block-media-text__content\">\n<p>Die Liste der gef\u00e4hrdeten Vogelarten ist sehr lang. Manche sprechen gar von einem&nbsp;<strong>Massenaussterben<\/strong>&nbsp;auf der Erde. Wie begegnet man diesem Ph\u00e4nomen und welche Gegenmittel gibt es? Vor \u00fcber 50 Jahren initiierten die beiden bekannten Natursch\u00fctzer Sir Peter Scott und Bernhard Grzimek die erste Ausgabe der&nbsp;<strong>Roten Liste<\/strong>&nbsp;f\u00fcr gef\u00e4hrdete Tierarten: Seinerzeit 312 Vogelarten und 211 S\u00e4ugetierarten. Ziel gestern wie heute: Die \u00d6ffentlichkeit auf das Schicksal der einzelnen Arten aufmerksam zu machen und konkrete Ma\u00dfnahmen f\u00fcr den Erhalt ihrer Lebensr\u00e4ume abzuleiten. Inzwischen umfasst die Rote Liste mehrere tausend Arten und beinhaltet auch Pflanzen.<\/p>\n<\/div><\/div>\n\n\n\n<div style=\"height:50px\" aria-hidden=\"true\" class=\"wp-block-spacer\"><\/div>\n\n\n\n<p>Dass von Beginn an ein Augenmerk auf den Vogelarten lag, ist vor allem dem Engagement von&nbsp;<strong>BirdLife International<\/strong>&nbsp;zu verdanken. In der Vorl\u00e4uferorganisation bereits 1922 gegr\u00fcndet ist BirdLife die weltweite Dachorganisation f\u00fcr nationale Naturschutzorganisationen mit einem Schwerpunkt im Vogelschutz. Eine ihrer zentralen Methoden ist die Forschung, um den Gef\u00e4hrdungsstatus der einzelnen Vogelarten festzulegen. Daraus leitet BirdLife Schutzprogramme in Form sogenannter&nbsp;<strong>\u201eImportant Bird Areas\u201c<\/strong>&nbsp;ab, die vor allem von den nationalen Verb\u00e4nden betreut und zur politischen sowie zur \u00d6ffentlichkeitsarbeit genutzt werden.<\/p>\n\n\n\n<p>Weltweit evaluiert BirdLife 10.000 Vogelarten und betreut mit den Mitgliedsorganisationen 12.000 \u201eImportant Bird Areas\u201c zum Schutz der Habitate gef\u00e4hrdeter V\u00f6gel. Die intensive wissenschaftliche Grundlagenarbeit zum Gef\u00e4hrdungsgrad der Vogelarten flie\u00dft in die Rote Liste ein, die von der Weltnaturschutzunion \u201eInternational Union for Conservation of Nature and Natural Resources\u201c, kurz IUCN, f\u00fcr alle Tier- und Pflanzenarten koordiniert wird. Der Waldrapp steht dort seit Jahren ganz oben auf der vom Aussterben bedrohten Arten, deren Schutz gefordert wird.<\/p>\n\n\n\n<div style=\"height:50px\" aria-hidden=\"true\" class=\"wp-block-spacer\"><\/div>\n\n\n\n<hr class=\"wp-block-separator\"\/>\n\n\n\n<h5 class=\"wp-block-heading\" id=\"h-birdlife-international-und-zeiss-kooperieren-zum-erhalt-der-artenvielfalt\"><em>BirdLife International und ZEISS kooperieren zum Erhalt der Artenvielfalt<\/em><\/h5>\n\n\n\n<p><em>Die Wissenschaftler von BirdLife International beurteilen die Wahrscheinlichkeit, dass eine Vogelart in naher Zukunft aussterben wird. Basis f\u00fcr ihre Einsch\u00e4tzung ist die beobachtete oder gesch\u00e4tzte Abnahme der Populationsgr\u00f6\u00dfe \u00fcber einen Zeitraum von zehn Jahren oder drei Generationen.<\/em><\/p>\n\n\n\n<p><em>ZEISS finanziert die wissenschaftlichen Erhebungen von BirdLife, um daraus die notwendigen Ma\u00dfnahmen zum Schutz der Habitate abzuleiten und auf die Bedrohung der Arten aufmerksam zu machen.<\/em><\/p>\n\n\n\n<hr class=\"wp-block-separator\"\/>\n\n\n\n<div style=\"height:50px\" aria-hidden=\"true\" class=\"wp-block-spacer\"><\/div>\n\n\n\n<h5 class=\"wp-block-heading\" id=\"h-gef-hrdungskategorien-der-iucn\">Gef\u00e4hrdungskategorien der IUCN:<\/h5>\n\n\n\n<p>Auf der Seite&nbsp;<a href=\"http:\/\/www.iucnredlist.org\/\">http:\/\/www.iucnredlist.org<\/a>&nbsp;suchen Sie \u00fcber den lateinischen Vogelnamen nach der Art und erhalten die Einstufung deren Gef\u00e4hrdungsgrads nach folgenden Bezeichnungen:<\/p>\n\n\n\n<p><em>EX = Extinct: Ausgestorben<\/em><\/p>\n\n\n\n<p><em>EW = Extinct in the Wild: In der Natur ausgestorben<\/em><\/p>\n\n\n\n<p><em>RE = Regionally Extinct: Regional ausgestorben<\/em><\/p>\n\n\n\n<p><em>CR = Critically Endangered: Vom Aussterben bedroht<\/em><\/p>\n\n\n\n<p><em>EN = Endangered: Stark gef\u00e4hrdet<\/em><\/p>\n\n\n\n<p><em>VU = Vulnerable: Gef\u00e4hrdet<\/em><\/p>\n\n\n\n<p><em>NT = Near Threatended: Potenziell gef\u00e4hrdet<\/em><\/p>\n\n\n\n<p><em>LC = Least Concern: Nicht gef\u00e4hrdet<\/em><\/p>\n\n\n\n<p><em>DD = Data Deficient: Ungen\u00fcgende Datengrundlage<\/em><\/p>\n\n\n\n<p><em>NE = Not Evaluated: Nicht beurteilt<\/em><\/p>\n","protected":false},"excerpt":{"rendered":"<p>Die nat\u00fcrlichen Best\u00e4nde des Waldrapps in Europa sind ausgerottet, es gibt lediglich noch einige wild lebende Kolonien in Syrien und Marokko.<\/p>\n","protected":false},"author":36,"featured_media":349,"comment_status":"closed","ping_status":"open","sticky":false,"template":"","format":"standard","meta":{"_acf_changed":false,"advgb_blocks_editor_width":"","advgb_blocks_columns_visual_guide":"","footnotes":""},"categories":[10],"tags":[11,13,14,12,15,16],"topics":[],"yst_prominent_words":[],"class_list":["post-348","post","type-post","status-publish","format-standard","has-post-thumbnail","hentry","category-naturschutz","tag-artenschutz","tag-aussterben","tag-birdlife","tag-rote-liste","tag-artenvielfalt","tag-waldrapp"],"acf":[],"author_meta":{"display_name":"ZEISS Birding Team","author_link":"https:\/\/blogs.zeiss.com\/sports-optics\/birding\/de\/author\/zeissgeneral\/"},"featured_img":"https:\/\/blogs.zeiss.com\/sports-optics\/birding\/de\/wp-content\/uploads\/sites\/3\/2020\/11\/Ibis-Northern-Bald-Tamri-Morocco-AR-352-622x205-1-600x198.jpg","coauthors":[],"tax_additional":{"categories":{"linked":["<a href=\"https:\/\/blogs.zeiss.com\/sports-optics\/birding\/de\/category\/naturschutz\/\" class=\"advgb-post-tax-term\">Naturschutz<\/a>"],"unlinked":["<span class=\"advgb-post-tax-term\">Naturschutz<\/span>"]},"tags":{"linked":["<a href=\"https:\/\/blogs.zeiss.com\/sports-optics\/birding\/de\/category\/naturschutz\/\" class=\"advgb-post-tax-term\">Artenschutz<\/a>","<a href=\"https:\/\/blogs.zeiss.com\/sports-optics\/birding\/de\/category\/naturschutz\/\" class=\"advgb-post-tax-term\">Aussterben<\/a>","<a href=\"https:\/\/blogs.zeiss.com\/sports-optics\/birding\/de\/category\/naturschutz\/\" class=\"advgb-post-tax-term\">BirdLife<\/a>","<a href=\"https:\/\/blogs.zeiss.com\/sports-optics\/birding\/de\/category\/naturschutz\/\" class=\"advgb-post-tax-term\">Rote Liste<\/a>","<a href=\"https:\/\/blogs.zeiss.com\/sports-optics\/birding\/de\/category\/naturschutz\/\" class=\"advgb-post-tax-term\">Artenvielfalt<\/a>","<a href=\"https:\/\/blogs.zeiss.com\/sports-optics\/birding\/de\/category\/naturschutz\/\" class=\"advgb-post-tax-term\">Waldrapp<\/a>"],"unlinked":["<span class=\"advgb-post-tax-term\">Artenschutz<\/span>","<span class=\"advgb-post-tax-term\">Aussterben<\/span>","<span class=\"advgb-post-tax-term\">BirdLife<\/span>","<span class=\"advgb-post-tax-term\">Rote Liste<\/span>","<span class=\"advgb-post-tax-term\">Artenvielfalt<\/span>","<span class=\"advgb-post-tax-term\">Waldrapp<\/span>"]}},"comment_count":"0","relative_dates":{"created":"Posted 8\u00a0Jahren ago","modified":"Updated 5\u00a0Jahren ago"},"absolute_dates":{"created":"Posted on November 13, 2017","modified":"Updated on November 23, 2020"},"absolute_dates_time":{"created":"Posted on November 13, 2017 2:23 p.m.","modified":"Updated on November 23, 2020 7:41 a.m."},"featured_img_caption":"","series_order":"","_links":{"self":[{"href":"https:\/\/blogs.zeiss.com\/sports-optics\/birding\/de\/wp-json\/wp\/v2\/posts\/348","targetHints":{"allow":["GET"]}}],"collection":[{"href":"https:\/\/blogs.zeiss.com\/sports-optics\/birding\/de\/wp-json\/wp\/v2\/posts"}],"about":[{"href":"https:\/\/blogs.zeiss.com\/sports-optics\/birding\/de\/wp-json\/wp\/v2\/types\/post"}],"author":[{"embeddable":true,"href":"https:\/\/blogs.zeiss.com\/sports-optics\/birding\/de\/wp-json\/wp\/v2\/users\/36"}],"replies":[{"embeddable":true,"href":"https:\/\/blogs.zeiss.com\/sports-optics\/birding\/de\/wp-json\/wp\/v2\/comments?post=348"}],"version-history":[{"count":13,"href":"https:\/\/blogs.zeiss.com\/sports-optics\/birding\/de\/wp-json\/wp\/v2\/posts\/348\/revisions"}],"predecessor-version":[{"id":766,"href":"https:\/\/blogs.zeiss.com\/sports-optics\/birding\/de\/wp-json\/wp\/v2\/posts\/348\/revisions\/766"}],"wp:featuredmedia":[{"embeddable":true,"href":"https:\/\/blogs.zeiss.com\/sports-optics\/birding\/de\/wp-json\/wp\/v2\/media\/349"}],"wp:attachment":[{"href":"https:\/\/blogs.zeiss.com\/sports-optics\/birding\/de\/wp-json\/wp\/v2\/media?parent=348"}],"wp:term":[{"taxonomy":"category","embeddable":true,"href":"https:\/\/blogs.zeiss.com\/sports-optics\/birding\/de\/wp-json\/wp\/v2\/categories?post=348"},{"taxonomy":"post_tag","embeddable":true,"href":"https:\/\/blogs.zeiss.com\/sports-optics\/birding\/de\/wp-json\/wp\/v2\/tags?post=348"},{"taxonomy":"topics","embeddable":true,"href":"https:\/\/blogs.zeiss.com\/sports-optics\/birding\/de\/wp-json\/wp\/v2\/topics?post=348"},{"taxonomy":"yst_prominent_words","embeddable":true,"href":"https:\/\/blogs.zeiss.com\/sports-optics\/birding\/de\/wp-json\/wp\/v2\/yst_prominent_words?post=348"}],"curies":[{"name":"wp","href":"https:\/\/api.w.org\/{rel}","templated":true}]}}