{"id":2912,"date":"2025-10-01T13:36:53","date_gmt":"2025-10-01T13:36:53","guid":{"rendered":"https:\/\/blogs.zeiss.com\/sports-optics\/birding\/de\/?p=2912"},"modified":"2025-10-01T13:36:55","modified_gmt":"2025-10-01T13:36:55","slug":"so-unterscheiden-sie-gruenspecht-und-grauspecht","status":"publish","type":"post","link":"https:\/\/blogs.zeiss.com\/sports-optics\/birding\/de\/so-unterscheiden-sie-gruenspecht-und-grauspecht\/","title":{"rendered":"So unterscheiden Sie Gr\u00fcnspecht und Grauspecht"},"content":{"rendered":"\n<p>Gr\u00fcnspecht und Grauspecht sind nah miteinander verwandt, sollten hinsichtlich ihrer Namensgebung aber doch recht unterschiedlich gef\u00e4rbt sein, was in der Realit\u00e4t aber nicht zutrifft. Denn beide wirken auf den ersten Blick \u00fcberwiegend gr\u00fcn gef\u00e4rbt. Etwas geschickter bei der Namensverleihung waren die Engl\u00e4nder, denn bei ihnen wird der Gr\u00fcnspecht \u00fcbersetzt wie bei uns genannt, w\u00e4hrend der Grauspecht treffender als \u201eGraukopfspecht\u201c bezeichnet wird.<\/p>\n\n\n\n<p>Nicht nur das Aussehen, sondern auch die Lebensweise beider Arten ist sehr \u00e4hnlich. So werden Sie gelegentlich als \u201eErdspechte\u201c bezeichnet, da sie ihre Nahrung \u00fcberwiegend am Boden suchen und sich hier auf Ameisen konzentrieren, die sie mithilfe ihrer besonders langen klebrigen Zunge aus ihren G\u00e4ngen holen. Oft sieht man die beiden im schnellen wellenf\u00f6rmigen Vorbeiflug, und es ist dann nicht ganz einfach, sie rasch \u201ein das Fernglas zu bekommen\u201c, um wichtige Details f\u00fcr die Artbestimmung erkennen zu k\u00f6nnen. Dabei zeigt sich, weshalb ein Fernglas mit m\u00f6glichst gro\u00dfem Sehfeld vorteilhaft ist. Es erm\u00f6glicht die schnellere Erfassung vorbeifliegender V\u00f6gel und damit die M\u00f6glichkeit, den fliegenden Vogel noch zu bestimmen, bevor dieser hinter B\u00e4umen oder B\u00fcschen verschwindet. So wird auch hier evident, dass ein <strong>8fach vergr\u00f6\u00dferndes Fernglas oftmals geeigneter ist als ein 10faches<\/strong>, da letzteres innerhalb derselben Modellreihe aus physikalischen Gr\u00fcnden zwangsl\u00e4ufig ein geringeres Sehfeld bietet. <strong>Weniger Vergr\u00f6\u00dferung bedeutet also grunds\u00e4tzlich mehr Sehfeld<\/strong>, und das bringt in vielen F\u00e4llen Vorteile, da der Zugewinn an Vergr\u00f6\u00dferung durch die unvermeidliche Zitterbewegung des K\u00f6rpers zu einem nicht unerheblichen Teil aufgehoben wird. <\/p>\n\n\n\n<p>Jedenfalls leben sowohl der Gr\u00fcn- als auch der Grauspecht in baumbestandenem Gel\u00e4nde, wobei der Gr\u00fcnspecht lichtere Bereiche mit geringerer Baumdichte klar bevorzugt. Streuobstwiesen und extensiv bewirtschaftete G\u00e4rten mit B\u00e4umen, aber auch aufgelockerte Waldrandzonen sind sein bevorzugter Lebensraum, w\u00e4hrend der Grauspecht zu den typischen Waldbewohnern z\u00e4hlt. Bedauerlicherweise kann dieser Unterschied in der Lebensraumbevorzugung grunds\u00e4tzlich nicht als Bestimmungskriterium dienen. Denn vor allem au\u00dferhalb der Brutzeit \u00fcberlappen sich die Habitate so stark, dass man Gr\u00fcnspechte auch mitten in W\u00e4ldern und Grauspechte auch in G\u00e4rten antreffen kann.<\/p>\n\n\n\n<div style=\"height:23px\" aria-hidden=\"true\" class=\"wp-block-spacer\"><\/div>\n\n\n\n<figure class=\"wp-block-gallery has-nested-images columns-default is-cropped wp-block-gallery-1 is-layout-flex wp-block-gallery-is-layout-flex\">\n<figure class=\"wp-block-image size-large\"><img loading=\"lazy\" decoding=\"async\" width=\"1024\" height=\"1024\" data-id=\"2914\" src=\"https:\/\/blogs.zeiss.com\/sports-optics\/birding\/de\/wp-content\/uploads\/sites\/3\/2025\/10\/Maennlicher-Gruenspecht-Kopie-1024x1024.jpg\" alt=\"\" class=\"wp-image-2914\" srcset=\"https:\/\/blogs.zeiss.com\/sports-optics\/birding\/de\/wp-content\/uploads\/sites\/3\/2025\/10\/Maennlicher-Gruenspecht-Kopie-1024x1024.jpg 1024w, https:\/\/blogs.zeiss.com\/sports-optics\/birding\/de\/wp-content\/uploads\/sites\/3\/2025\/10\/Maennlicher-Gruenspecht-Kopie-600x600.jpg 600w, https:\/\/blogs.zeiss.com\/sports-optics\/birding\/de\/wp-content\/uploads\/sites\/3\/2025\/10\/Maennlicher-Gruenspecht-Kopie-150x150.jpg 150w, https:\/\/blogs.zeiss.com\/sports-optics\/birding\/de\/wp-content\/uploads\/sites\/3\/2025\/10\/Maennlicher-Gruenspecht-Kopie-768x768.jpg 768w, https:\/\/blogs.zeiss.com\/sports-optics\/birding\/de\/wp-content\/uploads\/sites\/3\/2025\/10\/Maennlicher-Gruenspecht-Kopie-1536x1536.jpg 1536w, https:\/\/blogs.zeiss.com\/sports-optics\/birding\/de\/wp-content\/uploads\/sites\/3\/2025\/10\/Maennlicher-Gruenspecht-Kopie-2048x2048.jpg 2048w, https:\/\/blogs.zeiss.com\/sports-optics\/birding\/de\/wp-content\/uploads\/sites\/3\/2025\/10\/Maennlicher-Gruenspecht-Kopie-640x640.jpg 640w, https:\/\/blogs.zeiss.com\/sports-optics\/birding\/de\/wp-content\/uploads\/sites\/3\/2025\/10\/Maennlicher-Gruenspecht-Kopie-1200x1200.jpg 1200w, https:\/\/blogs.zeiss.com\/sports-optics\/birding\/de\/wp-content\/uploads\/sites\/3\/2025\/10\/Maennlicher-Gruenspecht-Kopie-1920x1920.jpg 1920w\" sizes=\"auto, (max-width: 639px) 98vw, (max-width: 1199px) 64vw, 770px\" \/><figcaption class=\"wp-element-caption\">M\u00e4nnlicher Gr\u00fcnspecht<\/figcaption><\/figure>\n\n\n\n<figure class=\"wp-block-image size-large\"><img loading=\"lazy\" decoding=\"async\" width=\"1024\" height=\"682\" data-id=\"2913\" src=\"https:\/\/blogs.zeiss.com\/sports-optics\/birding\/de\/wp-content\/uploads\/sites\/3\/2025\/10\/Maennlicher-Grauspecht-Foto-P.-Steiner-1024x682.jpg\" alt=\"\" class=\"wp-image-2913\" srcset=\"https:\/\/blogs.zeiss.com\/sports-optics\/birding\/de\/wp-content\/uploads\/sites\/3\/2025\/10\/Maennlicher-Grauspecht-Foto-P.-Steiner-1024x682.jpg 1024w, https:\/\/blogs.zeiss.com\/sports-optics\/birding\/de\/wp-content\/uploads\/sites\/3\/2025\/10\/Maennlicher-Grauspecht-Foto-P.-Steiner-600x399.jpg 600w, https:\/\/blogs.zeiss.com\/sports-optics\/birding\/de\/wp-content\/uploads\/sites\/3\/2025\/10\/Maennlicher-Grauspecht-Foto-P.-Steiner-768x511.jpg 768w, https:\/\/blogs.zeiss.com\/sports-optics\/birding\/de\/wp-content\/uploads\/sites\/3\/2025\/10\/Maennlicher-Grauspecht-Foto-P.-Steiner-640x426.jpg 640w, https:\/\/blogs.zeiss.com\/sports-optics\/birding\/de\/wp-content\/uploads\/sites\/3\/2025\/10\/Maennlicher-Grauspecht-Foto-P.-Steiner-1200x799.jpg 1200w, https:\/\/blogs.zeiss.com\/sports-optics\/birding\/de\/wp-content\/uploads\/sites\/3\/2025\/10\/Maennlicher-Grauspecht-Foto-P.-Steiner.jpg 1331w\" sizes=\"auto, (max-width: 639px) 98vw, (max-width: 1199px) 64vw, 770px\" \/><figcaption class=\"wp-element-caption\">M\u00e4nnlicher Grauspecht<\/figcaption><\/figure>\n<\/figure>\n\n\n\n<div style=\"height:22px\" aria-hidden=\"true\" class=\"wp-block-spacer\"><\/div>\n\n\n\n<p>Der Grauspecht ist etwas kleiner als der Gr\u00fcnspecht, was aber nur im direkten Vergleich der beiden Arten auff\u00e4llt, wie auch die Tatsache, dass der Grauspecht etwas kurzschn\u00e4bliger und kurzhalsiger, aber gleichwohl langschw\u00e4nziger als der Gr\u00fcnspecht ist. Zur Identifizierung beider Arten sollte man sich grunds\u00e4tzlich auf den Kopf- und Halsbereich der V\u00f6gel konzentrieren. Denn der ansonsten helle Kopf des Gr\u00fcnspechts tr\u00e4gt eine kontrastierende tiefschwarze breite Maske um das Auge herum. Letzteres ist bei beiden Geschlechtern hell gef\u00e4rbt, wogegen das Auge des Grauspechts dunkel ist. Auch besitzt der Grauspecht keine schwarze Maske, sondern einen insgesamt grauen Kopf mit einem schwarzen Z\u00fcgelstreif und einem recht schmalen schwarzen Wangenstreif. Nur das M\u00e4nnchen tr\u00e4gt einen kleinen, auf den Vorderscheitel begrenzten roten Fleck. Dagegen zeigen beide Geschlechter des Gr\u00fcnspechts einen ausgedehnten roten Scheitel, wobei das Rot bei beiden Geschlechtern vom oberen Schnabelansatz bis zum Nackenansatz reicht, gut sichtbar ist und daher auch als wertvolles Artmerkmal sowohl f\u00fcr sitzende wie fliegende V\u00f6gel dient. Der dunkle Wangenstreif ist beim Gr\u00fcnspecht sehr breit und am hinteren Ende auff\u00e4llig stumpf begrenzt. Beim Weibchen ist er vollst\u00e4ndig schwarz, beim M\u00e4nnchen rot mit schwarzer Einfassung, wodurch er allerdings ann\u00e4hernd gleich dunkel wirkt wie der des Weibchens. So ist es oft nur unter guten Lichtverh\u00e4ltnissen m\u00f6glich, das Weibchen vom M\u00e4nnchen daran zu unterscheiden.<\/p>\n\n\n\n<div style=\"height:27px\" aria-hidden=\"true\" class=\"wp-block-spacer\"><\/div>\n\n\n\n<figure class=\"wp-block-gallery has-nested-images columns-default is-cropped wp-block-gallery-2 is-layout-flex wp-block-gallery-is-layout-flex\">\n<figure class=\"wp-block-image size-large\"><img loading=\"lazy\" decoding=\"async\" width=\"1024\" height=\"683\" data-id=\"2915\" src=\"https:\/\/blogs.zeiss.com\/sports-optics\/birding\/de\/wp-content\/uploads\/sites\/3\/2025\/10\/Juveniler-Gruenspecht-Kopie-1024x683.jpg\" alt=\"\" class=\"wp-image-2915\" srcset=\"https:\/\/blogs.zeiss.com\/sports-optics\/birding\/de\/wp-content\/uploads\/sites\/3\/2025\/10\/Juveniler-Gruenspecht-Kopie-1024x683.jpg 1024w, https:\/\/blogs.zeiss.com\/sports-optics\/birding\/de\/wp-content\/uploads\/sites\/3\/2025\/10\/Juveniler-Gruenspecht-Kopie-600x400.jpg 600w, https:\/\/blogs.zeiss.com\/sports-optics\/birding\/de\/wp-content\/uploads\/sites\/3\/2025\/10\/Juveniler-Gruenspecht-Kopie-768x512.jpg 768w, https:\/\/blogs.zeiss.com\/sports-optics\/birding\/de\/wp-content\/uploads\/sites\/3\/2025\/10\/Juveniler-Gruenspecht-Kopie-1536x1024.jpg 1536w, https:\/\/blogs.zeiss.com\/sports-optics\/birding\/de\/wp-content\/uploads\/sites\/3\/2025\/10\/Juveniler-Gruenspecht-Kopie-2048x1365.jpg 2048w, https:\/\/blogs.zeiss.com\/sports-optics\/birding\/de\/wp-content\/uploads\/sites\/3\/2025\/10\/Juveniler-Gruenspecht-Kopie-640x427.jpg 640w, https:\/\/blogs.zeiss.com\/sports-optics\/birding\/de\/wp-content\/uploads\/sites\/3\/2025\/10\/Juveniler-Gruenspecht-Kopie-1200x800.jpg 1200w, https:\/\/blogs.zeiss.com\/sports-optics\/birding\/de\/wp-content\/uploads\/sites\/3\/2025\/10\/Juveniler-Gruenspecht-Kopie-1920x1280.jpg 1920w\" sizes=\"auto, (max-width: 639px) 98vw, (max-width: 1199px) 64vw, 770px\" \/><figcaption class=\"wp-element-caption\">Juveniler Gr\u00fcnspecht<\/figcaption><\/figure>\n\n\n\n<figure class=\"wp-block-image size-large\"><img loading=\"lazy\" decoding=\"async\" width=\"1024\" height=\"683\" data-id=\"2916\" src=\"https:\/\/blogs.zeiss.com\/sports-optics\/birding\/de\/wp-content\/uploads\/sites\/3\/2025\/10\/Juveniler-Grauspecht-Foto-J.-Prohaska-Hotze-Kopie-1024x683.jpg\" alt=\"\" class=\"wp-image-2916\" srcset=\"https:\/\/blogs.zeiss.com\/sports-optics\/birding\/de\/wp-content\/uploads\/sites\/3\/2025\/10\/Juveniler-Grauspecht-Foto-J.-Prohaska-Hotze-Kopie-1024x683.jpg 1024w, https:\/\/blogs.zeiss.com\/sports-optics\/birding\/de\/wp-content\/uploads\/sites\/3\/2025\/10\/Juveniler-Grauspecht-Foto-J.-Prohaska-Hotze-Kopie-600x400.jpg 600w, https:\/\/blogs.zeiss.com\/sports-optics\/birding\/de\/wp-content\/uploads\/sites\/3\/2025\/10\/Juveniler-Grauspecht-Foto-J.-Prohaska-Hotze-Kopie-768x512.jpg 768w, https:\/\/blogs.zeiss.com\/sports-optics\/birding\/de\/wp-content\/uploads\/sites\/3\/2025\/10\/Juveniler-Grauspecht-Foto-J.-Prohaska-Hotze-Kopie-1536x1024.jpg 1536w, https:\/\/blogs.zeiss.com\/sports-optics\/birding\/de\/wp-content\/uploads\/sites\/3\/2025\/10\/Juveniler-Grauspecht-Foto-J.-Prohaska-Hotze-Kopie-2048x1366.jpg 2048w, https:\/\/blogs.zeiss.com\/sports-optics\/birding\/de\/wp-content\/uploads\/sites\/3\/2025\/10\/Juveniler-Grauspecht-Foto-J.-Prohaska-Hotze-Kopie-640x427.jpg 640w, https:\/\/blogs.zeiss.com\/sports-optics\/birding\/de\/wp-content\/uploads\/sites\/3\/2025\/10\/Juveniler-Grauspecht-Foto-J.-Prohaska-Hotze-Kopie-1200x800.jpg 1200w, https:\/\/blogs.zeiss.com\/sports-optics\/birding\/de\/wp-content\/uploads\/sites\/3\/2025\/10\/Juveniler-Grauspecht-Foto-J.-Prohaska-Hotze-Kopie-1920x1280.jpg 1920w\" sizes=\"auto, (max-width: 639px) 98vw, (max-width: 1199px) 64vw, 770px\" \/><figcaption class=\"wp-element-caption\">Juveniler Grauspecht<\/figcaption><\/figure>\n<\/figure>\n\n\n\n<div style=\"height:20px\" aria-hidden=\"true\" class=\"wp-block-spacer\"><\/div>\n\n\n\n<p>Die Jungv\u00f6gel des Gr\u00fcnspechts sind relativ hell gef\u00e4rbt und zeigen bereits einen undeutlichen roten Scheitel, welcher noch st\u00e4rker von grauen Flecken durchsetzt ist, als dies bei Altv\u00f6geln der Fall ist. Das restliche Kopfgefieder ist auf hellem Grund mehr oder weniger intensiv dunkel gefleckt, auch \u00fcber Hals, Brust und Bauch hinweg bis zu den dunkel geb\u00e4nderten Unterschwanzdecken. Im Gegensatz dazu sind junge Grauspechte an Kopf und Hals weitgehend ungefleckt grau bis schwach grauoliv gef\u00e4rbt.<\/p>\n\n\n\n<p>Beide Spechtarten sind sehr ruffreudig und machen durch ihren lauten Reviergesang auf sich aufmerksam. Der Gr\u00fcnspecht produziert \u00fcberwiegend relativ hart klingende Kj\u00fc-kj\u00fc-kj\u00fc\u2026 Rufreihen unterschiedlicher L\u00e4nge, wobei die Frequenz gegen Ende der Reihe nicht sehr stark abf\u00e4llt. Die Stimme des Grauspechts ist \u00e4hnlich. Die Rufreihen klingen jedoch weicher, eher fl\u00f6tender K\u00fc\u00fc-k\u00fc\u00fc-k\u00fc\u00fc\u2026. und fallen \u00fcber die Reihe hinweg in der Frequenzlage st\u00e4rker kontinuierlich ab als die des Gr\u00fcnspechts. Da das Weibchen des Gr\u00fcnspechts im Vergleich zum M\u00e4nnchen aber auch etwas weicher ruft, ist die Unterscheidung nach der Stimme f\u00fcr den Anf\u00e4nger nicht selten schwierig es empfiehlt sich deshalb immer, ein gutes Fernglas zur visuellen Best\u00e4tigung heranzuziehen. Beide Spechte trommeln, der Gr\u00fcnspecht aber weniger h\u00e4ufig und dann etwa eine gute Sekunde lang schwach und unregelm\u00e4\u00dfig. Der Grauspecht trommelt hingegen regelm\u00e4\u00dfig fast doppelt so lang und lauter, wobei die Intensit\u00e4t zum Ende der Trommelsequenz h\u00f6rbar zunimmt.<\/p>\n","protected":false},"excerpt":{"rendered":"<p>Gr\u00fcn- und Grauspecht sind zwar eng verwandt und auf den ersten Blick \u00e4hnlich gef\u00e4rbt, lassen sich aber bei genauerem Hinsehen an Kopf- und Halsmerkmalen sowie an ihren Rufen unterscheiden. Trotz unterschiedlicher Lebensraumschwerpunkte \u00fcberschneiden sich ihre Vorkommen stark, weshalb f\u00fcr eine sichere Bestimmung oft ein Fernglas unverzichtbar ist.<\/p>\n","protected":false},"author":36,"featured_media":2918,"comment_status":"closed","ping_status":"open","sticky":false,"template":"","format":"standard","meta":{"_acf_changed":false,"advgb_blocks_editor_width":"","advgb_blocks_columns_visual_guide":"","footnotes":""},"categories":[1],"tags":[],"topics":[],"yst_prominent_words":[],"class_list":["post-2912","post","type-post","status-publish","format-standard","has-post-thumbnail","hentry","category-allgemein"],"acf":[],"author_meta":{"display_name":"ZEISS Birding Team","author_link":"https:\/\/blogs.zeiss.com\/sports-optics\/birding\/de\/author\/zeissgeneral\/"},"featured_img":"https:\/\/blogs.zeiss.com\/sports-optics\/birding\/de\/wp-content\/uploads\/sites\/3\/2025\/10\/Weiblicher-Gruenspecht-Kopie-2-600x400.jpg","coauthors":[],"tax_additional":{"categories":{"linked":["<a href=\"https:\/\/blogs.zeiss.com\/sports-optics\/birding\/de\/category\/allgemein\/\" class=\"advgb-post-tax-term\">Allgemein<\/a>"],"unlinked":["<span class=\"advgb-post-tax-term\">Allgemein<\/span>"]}},"comment_count":"0","relative_dates":{"created":"Posted 7\u00a0Monaten ago","modified":"Updated 7\u00a0Monaten ago"},"absolute_dates":{"created":"Posted on Oktober 1, 2025","modified":"Updated on Oktober 1, 2025"},"absolute_dates_time":{"created":"Posted on Oktober 1, 2025 1:36 p.m.","modified":"Updated on Oktober 1, 2025 1:36 p.m."},"featured_img_caption":"","series_order":"","_links":{"self":[{"href":"https:\/\/blogs.zeiss.com\/sports-optics\/birding\/de\/wp-json\/wp\/v2\/posts\/2912","targetHints":{"allow":["GET"]}}],"collection":[{"href":"https:\/\/blogs.zeiss.com\/sports-optics\/birding\/de\/wp-json\/wp\/v2\/posts"}],"about":[{"href":"https:\/\/blogs.zeiss.com\/sports-optics\/birding\/de\/wp-json\/wp\/v2\/types\/post"}],"author":[{"embeddable":true,"href":"https:\/\/blogs.zeiss.com\/sports-optics\/birding\/de\/wp-json\/wp\/v2\/users\/36"}],"replies":[{"embeddable":true,"href":"https:\/\/blogs.zeiss.com\/sports-optics\/birding\/de\/wp-json\/wp\/v2\/comments?post=2912"}],"version-history":[{"count":6,"href":"https:\/\/blogs.zeiss.com\/sports-optics\/birding\/de\/wp-json\/wp\/v2\/posts\/2912\/revisions"}],"predecessor-version":[{"id":2923,"href":"https:\/\/blogs.zeiss.com\/sports-optics\/birding\/de\/wp-json\/wp\/v2\/posts\/2912\/revisions\/2923"}],"wp:featuredmedia":[{"embeddable":true,"href":"https:\/\/blogs.zeiss.com\/sports-optics\/birding\/de\/wp-json\/wp\/v2\/media\/2918"}],"wp:attachment":[{"href":"https:\/\/blogs.zeiss.com\/sports-optics\/birding\/de\/wp-json\/wp\/v2\/media?parent=2912"}],"wp:term":[{"taxonomy":"category","embeddable":true,"href":"https:\/\/blogs.zeiss.com\/sports-optics\/birding\/de\/wp-json\/wp\/v2\/categories?post=2912"},{"taxonomy":"post_tag","embeddable":true,"href":"https:\/\/blogs.zeiss.com\/sports-optics\/birding\/de\/wp-json\/wp\/v2\/tags?post=2912"},{"taxonomy":"topics","embeddable":true,"href":"https:\/\/blogs.zeiss.com\/sports-optics\/birding\/de\/wp-json\/wp\/v2\/topics?post=2912"},{"taxonomy":"yst_prominent_words","embeddable":true,"href":"https:\/\/blogs.zeiss.com\/sports-optics\/birding\/de\/wp-json\/wp\/v2\/yst_prominent_words?post=2912"}],"curies":[{"name":"wp","href":"https:\/\/api.w.org\/{rel}","templated":true}]}}