{"id":392,"date":"2017-11-30T10:06:00","date_gmt":"2017-11-30T10:06:00","guid":{"rendered":"https:\/\/blogs.zeiss.com\/digital-innovation\/de\/?p=392"},"modified":"2020-07-23T14:26:40","modified_gmt":"2020-07-23T14:26:40","slug":"in-sachsen-da-geht-was","status":"publish","type":"post","link":"https:\/\/blogs.zeiss.com\/digital-innovation\/de\/in-sachsen-da-geht-was\/","title":{"rendered":"In Sachsen, da geht was \u2013 JUG Saxony Day 2017"},"content":{"rendered":"\n<h3 class=\"wp-block-heading\">Ein Bericht vom JUG Saxony Day 2017<\/h3>\n\n\n\n<p>Am 29. September 2017 fand im Hotel Radisson Blu Radebeul der nunmehr <a rel=\"noreferrer noopener\" href=\"https:\/\/www.youtube.com\/watch?v=RsXNpstULZs&amp;t=4s\" target=\"_blank\">4. JUG Saxony Day<\/a> statt. \u00dcber 500 Teilnehmer z\u00e4hlte die Konferenz dieses Jahr und konnte damit ein erneutes Wachstum verzeichnen. Trotz bisher stetig steigender Teilnehmerzahlen konnte dennoch eine famili\u00e4re Atmosph\u00e4re bewahrt werden. Mit welchen Erwartungen wurde die Konferenz gestartet und wie sollen diese weiterhin erf\u00fcllt werden? Diese und weitere spannende Fragen konnte ich in einem Gespr\u00e4ch mit den \u201cMachern der Konferenz\u201d &#8211; dem <a rel=\"noreferrer noopener\" href=\"https:\/\/jugsaxony.org\/\" target=\"_blank\">JUG Saxony (e.V.)<\/a> &#8211; kl\u00e4ren.<\/p>\n\n\n\n<figure class=\"wp-block-image size-medium\"><img loading=\"lazy\" decoding=\"async\" width=\"600\" height=\"300\" src=\"https:\/\/blogs.zeiss.com\/digital-innovation\/de\/wp-content\/uploads\/sites\/2\/2020\/04\/201711_JUG_Saxony_Day-600x300.jpg\" alt=\"Gef\u00fcllter Vortragssaal beim JUG Saxony Day 2017\" class=\"wp-image-393\" srcset=\"https:\/\/blogs.zeiss.com\/digital-innovation\/de\/wp-content\/uploads\/sites\/2\/2020\/04\/201711_JUG_Saxony_Day-600x300.jpg 600w, https:\/\/blogs.zeiss.com\/digital-innovation\/de\/wp-content\/uploads\/sites\/2\/2020\/04\/201711_JUG_Saxony_Day-1024x512.jpg 1024w, https:\/\/blogs.zeiss.com\/digital-innovation\/de\/wp-content\/uploads\/sites\/2\/2020\/04\/201711_JUG_Saxony_Day-768x384.jpg 768w, https:\/\/blogs.zeiss.com\/digital-innovation\/de\/wp-content\/uploads\/sites\/2\/2020\/04\/201711_JUG_Saxony_Day-640x320.jpg 640w, https:\/\/blogs.zeiss.com\/digital-innovation\/de\/wp-content\/uploads\/sites\/2\/2020\/04\/201711_JUG_Saxony_Day.jpg 1200w\" sizes=\"auto, (max-width: 639px) 98vw, (max-width: 1199px) 64vw, 600px\" \/><figcaption>\u00a9 JUG Saxony e.V. Quelle: <a href=\"https:\/\/photos.google.com\/share\/AF1QipMSYqtf6ir2oMilUj413bbuWKyHMA3vv3tdecrjkhv6CFKj2I3s-Nfga-jPkugJGA?key=c1ZhVGlULURpYXIxVGd6Z3VOLU94MVZ3NnBBYmVR\" target=\"_blank\" rel=\"noreferrer noopener\">hier<\/a>.<\/figcaption><\/figure>\n\n\n\n<div style=\"height:30px\" aria-hidden=\"true\" class=\"wp-block-spacer\"><\/div>\n\n\n\n<p>Der Ursprung der Konferenz sind die regelm\u00e4\u00dfigen Veranstaltungen des JUG Saxony, die immer an wechselnden Orten stattfinden, um eine Vernetzung von Java-Entwicklern und an der Softwareentwicklung Interessierten zu erm\u00f6glichen. Die Treffen in Form der User-Group-Veranstaltungen mit Vortr\u00e4gen zu Themen rund um Java und Softwareentwicklung stellen ein Angebot f\u00fcr jedermann dar, der an der L\u00f6sung von praktischen Problemen in der Softwareentwicklung interessiert ist. Zus\u00e4tzlich zu den vielen Informatik-Studieng\u00e4ngen in Sachsen, die ein theoretisches und teilweise praktisches Fundament f\u00fcr die Ausbildung von Softwareentwicklern in Sachsen bilden, stellen die Veranstaltungen von User Groups wie dem JUG Saxony ein praktisches Erg\u00e4nzungsangebot dar.<\/p>\n\n\n\n<div style=\"height:30px\" aria-hidden=\"true\" class=\"wp-block-spacer\"><\/div>\n\n\n\n<h3 class=\"wp-block-heading\">In Sachsen, da geht was!<\/h3>\n\n\n\n<p>Die Veranstaltungen des JUG Saxony kamen gut an und das Feedback aus der Community ergab, dass eine ganzt\u00e4gige Veranstaltung wohl zu einer noch st\u00e4rkeren Beteiligung und einem noch effizienteren Weg der Wissensvermittlung f\u00fchren w\u00fcrde. Schlie\u00dflich wurde 2014 der erste JUG Saxony Day (JSD) an der TU Dresden organisiert. Um einen \u201cBlick \u00fcber den Tellerrand\u201d zu werfen und sich in der Community auszutauschen, kamen nun Jahr f\u00fcr Jahr mehr Besucher. Es treffen sich Softwareentwickler und Unternehmen aus Sachsen und ganz Deutschland.<\/p>\n\n\n\n<p>Im nun vierten Jahr merkt man, dass alles \u201cwie am Schn\u00fcrchen\u201c l\u00e4uft. Das Radisson Blu als aktueller Veranstaltungsort, aber auch die Organisation der Speaker-Tracks und Themen tragen dabei sehr zur angenehmen Atmosph\u00e4re auf dem JSD bei. Ab acht Uhr morgens trifft man die ersten bekannten Gesichter beim JSD. Mal ist es ein ehemaliger Kommilitone aus Studienzeiten. Dann sind es Kollegen, die fr\u00fcher einmal mit in derselben Firma oder sogar im selben Projekt gearbeitet haben. Ein Plausch \u00fcber den Stand der aktuellen Projekte und das anstehende Programm des JSD sind dann nat\u00fcrlich Pflicht.<\/p>\n\n\n\n<p>Neun Uhr ging der <a href=\"https:\/\/www.youtube.com\/watch?v=4QAFlEPdcJI\" target=\"_blank\" rel=\"noreferrer noopener\">Keynote-Vortrag<\/a> los: Stefan Z\u00f6rner gab einen Einblick in die Methoden und Werkzeuge von Architekten und beantwortete die Frage, wie Software-Architektur im Team umgesetzt wird. Thematisch waren viele der Vortr\u00e4ge beim JSD sehr gut einem Teilgebiet der Architektur zuzuordnen. Mit Architektur als Meta-Thema und einem sehr breiten Spektrum an Vortr\u00e4gen war also f\u00fcr jeden etwas dabei. Zwischen den Vortr\u00e4gen fand man immer wieder zueinander, um weiter zu diskutieren. Man hatte das Gef\u00fchl, das Ambiente f\u00fchrte die Wege der Teilnehmer automatisch zueinander.<\/p>\n\n\n\n<p>Die Gr\u00f6\u00dfe des JSD ist laut dem JUG Saxony jetzt genau richtig &#8211; und laut einer Umfrage des JUG Saxony ist es genau die bereits erw\u00e4hnte famili\u00e4re Atmosph\u00e4re, die die Teilnehmer so begeistert und nun schon seit vier Jahren immer wieder anlockt. Statt weiterem Wachstum wird die Erhaltung der Qualit\u00e4t angestrebt. F\u00fcr die Zukunft hofft man auf eine st\u00e4rkere Unterst\u00fctzung von Community getriebenen Veranstaltungen wie dem JSD durch Politik und kommunale Institutionen. Denn mit dieser Konferenz hat die Java Community in Form des JUG Saxony eine Veranstaltung geschaffen, die Leute aus ganz Deutschland und auch dem Ausland anzieht und zeigt, dass in Sachsen in Sachen Softwareentwicklung was geht. Dieses Wertes sollte sich jedermann und insbesondere das Land Sachsen bewusst sein.<\/p>\n\n\n\n<p>Mich pers\u00f6nlich haben dieses Jahr Vortr\u00e4ge zu Themen wie Refactoring von monolithischen Systemen, \u00dcberblick zu den Architekturbestandteilen bei Microservice-Umgebungen und auch das Logging in solchen Umgebungen und die \u00dcberwachung der Systeme angezogen.<\/p>\n\n\n\n<p>N\u00e4chstes Jahr stehen dann gleich zwei Jubil\u00e4en an, die es zu feiern gilt: Der JUG Saxony e.V. veranstaltet sein 100. User-Group-Treffen und der JUG Saxony Day feiert seinen 5. Geburtstag. Ich pers\u00f6nlich freue mich schon sehr auf den n\u00e4chsten JUG Saxony Day und bin sicher, dass ich auch n\u00e4chstes Jahr bekannte Gesichter treffe und mir neue spannende Themen aus der Praxis von Profis anh\u00f6ren darf.<\/p>\n","protected":false},"excerpt":{"rendered":"<p>Am 29. September 2017 fand der 4. JUG Saxony Day statt. Die Hintergr\u00fcnde und die Erwartungen an die Konferenz werden in diesem Blogartikel beleuchtet.<\/p>\n","protected":false},"author":37,"featured_media":393,"comment_status":"closed","ping_status":"closed","sticky":false,"template":"","format":"standard","meta":{"_acf_changed":false,"advgb_blocks_editor_width":"","advgb_blocks_columns_visual_guide":"","footnotes":""},"categories":[15],"tags":[149,215,216,217,218,219,220,221,222],"topics":[334],"class_list":["post-392","post","type-post","status-publish","format-standard","has-post-thumbnail","hentry","category-java","tag-softwareentwicklung","tag-jug-saxony","tag-jug-saxony-day","tag-java-entwickler","tag-java","tag-java-community","tag-software-architektur","tag-microservices","tag-refactoring","topics-rueckblick-auf-fruehere-veranstaltungen"],"acf":[],"yoast_head":"<!-- This site is optimized with the Yoast SEO plugin v24.0 - https:\/\/yoast.com\/wordpress\/plugins\/seo\/ -->\n<title>In Sachsen, da geht was \u2013 JUG Saxony Day 2017 - ZEISS Digital Innovation Blog<\/title>\n<meta name=\"description\" content=\"Am 29. September 2017 fand der 4. JUG Saxony Day statt. Die Hintergr\u00fcnde und die Erwartungen an die Konferenz werden in diesem Blogartikel beleuchtet.\" \/>\n<meta name=\"robots\" content=\"index, follow, max-snippet:-1, max-image-preview:large, max-video-preview:-1\" \/>\n<link rel=\"canonical\" href=\"https:\/\/blogs.zeiss.com\/digital-innovation\/de\/in-sachsen-da-geht-was\/\" \/>\n<meta property=\"og:locale\" content=\"de_DE\" \/>\n<meta property=\"og:type\" content=\"article\" \/>\n<meta property=\"og:title\" content=\"In Sachsen, da geht was \u2013 JUG Saxony Day 2017 - ZEISS Digital Innovation Blog\" \/>\n<meta property=\"og:description\" content=\"Am 29. September 2017 fand der 4. JUG Saxony Day statt. Die Hintergr\u00fcnde und die Erwartungen an die Konferenz werden in diesem Blogartikel beleuchtet.\" \/>\n<meta property=\"og:url\" content=\"https:\/\/blogs.zeiss.com\/digital-innovation\/de\/in-sachsen-da-geht-was\/\" \/>\n<meta property=\"og:site_name\" content=\"Digital Innovation Blog\" \/>\n<meta property=\"article:publisher\" content=\"https:\/\/www.facebook.com\/ZEISSDigitalInnovation\/\" \/>\n<meta property=\"article:published_time\" content=\"2017-11-30T10:06:00+00:00\" \/>\n<meta property=\"article:modified_time\" content=\"2020-07-23T14:26:40+00:00\" \/>\n<meta property=\"og:image\" content=\"https:\/\/blogs.zeiss.com\/digital-innovation\/de\/wp-content\/uploads\/sites\/2\/2020\/04\/201711_JUG_Saxony_Day.jpg\" \/>\n\t<meta property=\"og:image:width\" content=\"1200\" \/>\n\t<meta property=\"og:image:height\" content=\"600\" \/>\n\t<meta property=\"og:image:type\" content=\"image\/jpeg\" \/>\n<meta name=\"author\" content=\"Max Wielsch\" \/>\n<meta name=\"twitter:card\" content=\"summary_large_image\" \/>\n<meta name=\"twitter:creator\" content=\"@ZEISS_di\" \/>\n<meta name=\"twitter:site\" content=\"@ZEISS_di\" \/>\n<meta name=\"twitter:label1\" content=\"Verfasst von\" \/>\n\t<meta name=\"twitter:data1\" content=\"Max Wielsch\" \/>\n\t<meta name=\"twitter:label2\" content=\"Gesch\u00e4tzte Lesezeit\" \/>\n\t<meta name=\"twitter:data2\" content=\"4\u00a0Minuten\" \/>\n<script type=\"application\/ld+json\" class=\"yoast-schema-graph\">{\"@context\":\"https:\/\/schema.org\",\"@graph\":[{\"@type\":\"WebPage\",\"@id\":\"https:\/\/blogs.zeiss.com\/digital-innovation\/de\/in-sachsen-da-geht-was\/\",\"url\":\"https:\/\/blogs.zeiss.com\/digital-innovation\/de\/in-sachsen-da-geht-was\/\",\"name\":\"In Sachsen, da geht was \u2013 JUG Saxony Day 2017 - ZEISS Digital Innovation Blog\",\"isPartOf\":{\"@id\":\"https:\/\/blogs.zeiss.com\/digital-innovation\/de\/#website\"},\"primaryImageOfPage\":{\"@id\":\"https:\/\/blogs.zeiss.com\/digital-innovation\/de\/in-sachsen-da-geht-was\/#primaryimage\"},\"image\":{\"@id\":\"https:\/\/blogs.zeiss.com\/digital-innovation\/de\/in-sachsen-da-geht-was\/#primaryimage\"},\"thumbnailUrl\":\"https:\/\/blogs.zeiss.com\/digital-innovation\/de\/wp-content\/uploads\/sites\/2\/2020\/04\/201711_JUG_Saxony_Day.jpg\",\"datePublished\":\"2017-11-30T10:06:00+00:00\",\"dateModified\":\"2020-07-23T14:26:40+00:00\",\"author\":{\"@id\":\"https:\/\/blogs.zeiss.com\/digital-innovation\/de\/#\/schema\/person\/9c98df4137f24d0bbd6b00a5db0bb448\"},\"description\":\"Am 29. September 2017 fand der 4. JUG Saxony Day statt. Die Hintergr\u00fcnde und die Erwartungen an die Konferenz werden in diesem Blogartikel beleuchtet.\",\"breadcrumb\":{\"@id\":\"https:\/\/blogs.zeiss.com\/digital-innovation\/de\/in-sachsen-da-geht-was\/#breadcrumb\"},\"inLanguage\":\"de\",\"potentialAction\":[{\"@type\":\"ReadAction\",\"target\":[\"https:\/\/blogs.zeiss.com\/digital-innovation\/de\/in-sachsen-da-geht-was\/\"]}]},{\"@type\":\"ImageObject\",\"inLanguage\":\"de\",\"@id\":\"https:\/\/blogs.zeiss.com\/digital-innovation\/de\/in-sachsen-da-geht-was\/#primaryimage\",\"url\":\"https:\/\/blogs.zeiss.com\/digital-innovation\/de\/wp-content\/uploads\/sites\/2\/2020\/04\/201711_JUG_Saxony_Day.jpg\",\"contentUrl\":\"https:\/\/blogs.zeiss.com\/digital-innovation\/de\/wp-content\/uploads\/sites\/2\/2020\/04\/201711_JUG_Saxony_Day.jpg\",\"width\":1200,\"height\":600},{\"@type\":\"BreadcrumbList\",\"@id\":\"https:\/\/blogs.zeiss.com\/digital-innovation\/de\/in-sachsen-da-geht-was\/#breadcrumb\",\"itemListElement\":[{\"@type\":\"ListItem\",\"position\":1,\"name\":\"Home\",\"item\":\"https:\/\/blogs.zeiss.com\/digital-innovation\/de\/\"},{\"@type\":\"ListItem\",\"position\":2,\"name\":\"In Sachsen, da geht was \u2013 JUG Saxony Day 2017\"}]},{\"@type\":\"WebSite\",\"@id\":\"https:\/\/blogs.zeiss.com\/digital-innovation\/de\/#website\",\"url\":\"https:\/\/blogs.zeiss.com\/digital-innovation\/de\/\",\"name\":\"Digital Innovation Blog\",\"description\":\"\",\"potentialAction\":[{\"@type\":\"SearchAction\",\"target\":{\"@type\":\"EntryPoint\",\"urlTemplate\":\"https:\/\/blogs.zeiss.com\/digital-innovation\/de\/?s={search_term_string}\"},\"query-input\":{\"@type\":\"PropertyValueSpecification\",\"valueRequired\":true,\"valueName\":\"search_term_string\"}}],\"inLanguage\":\"de\"},{\"@type\":\"Person\",\"@id\":\"https:\/\/blogs.zeiss.com\/digital-innovation\/de\/#\/schema\/person\/9c98df4137f24d0bbd6b00a5db0bb448\",\"name\":\"Max Wielsch\",\"image\":{\"@type\":\"ImageObject\",\"inLanguage\":\"de\",\"@id\":\"https:\/\/blogs.zeiss.com\/digital-innovation\/de\/#\/schema\/person\/image\/\",\"url\":\"https:\/\/blogs.zeiss.com\/digital-innovation\/de\/wp-content\/uploads\/sites\/2\/2020\/05\/wielsch_max-e1589559738157-150x150.jpg\",\"contentUrl\":\"https:\/\/blogs.zeiss.com\/digital-innovation\/de\/wp-content\/uploads\/sites\/2\/2020\/05\/wielsch_max-e1589559738157-150x150.jpg\",\"caption\":\"Max Wielsch\"},\"description\":\"Max Wielsch ist seit 2011 als Software-Entwickler bei der ZEISS Digital Innovation t\u00e4tig. Derzeit besch\u00e4ftigt er sich mit der Migration von monolithischen Architekturen hin zu entkoppelten Service-Architekturen im Kontext von Java-Enterprise-Applikationen. Dabei ist er von Backend bis Frontend involviert. Besondere Begeisterung empfindet er f\u00fcr React als Vertreter von aktuellen JavaScript-UI-Bibliotheken, die einen funktionalen Stil der Entwicklung unterst\u00fctzen. In seiner Freizeit engagiert sich Max als Organisator der Java User Group G\u00f6rlitz, um auch in der \u00f6stlichsten Stadt Deutschlands die Vielfalt von IT-Angeboten zu erh\u00f6hen und insbesondere die Community zu unterst\u00fctzen.\",\"url\":\"https:\/\/blogs.zeiss.com\/digital-innovation\/de\/author\/maxwielsch\/\"}]}<\/script>\n<!-- \/ Yoast SEO plugin. -->","yoast_head_json":{"title":"In Sachsen, da geht was \u2013 JUG Saxony Day 2017 - ZEISS Digital Innovation Blog","description":"Am 29. September 2017 fand der 4. JUG Saxony Day statt. Die Hintergr\u00fcnde und die Erwartungen an die Konferenz werden in diesem Blogartikel beleuchtet.","robots":{"index":"index","follow":"follow","max-snippet":"max-snippet:-1","max-image-preview":"max-image-preview:large","max-video-preview":"max-video-preview:-1"},"canonical":"https:\/\/blogs.zeiss.com\/digital-innovation\/de\/in-sachsen-da-geht-was\/","og_locale":"de_DE","og_type":"article","og_title":"In Sachsen, da geht was \u2013 JUG Saxony Day 2017 - ZEISS Digital Innovation Blog","og_description":"Am 29. September 2017 fand der 4. JUG Saxony Day statt. Die Hintergr\u00fcnde und die Erwartungen an die Konferenz werden in diesem Blogartikel beleuchtet.","og_url":"https:\/\/blogs.zeiss.com\/digital-innovation\/de\/in-sachsen-da-geht-was\/","og_site_name":"Digital Innovation Blog","article_publisher":"https:\/\/www.facebook.com\/ZEISSDigitalInnovation\/","article_published_time":"2017-11-30T10:06:00+00:00","article_modified_time":"2020-07-23T14:26:40+00:00","og_image":[{"width":1200,"height":600,"url":"https:\/\/blogs.zeiss.com\/digital-innovation\/de\/wp-content\/uploads\/sites\/2\/2020\/04\/201711_JUG_Saxony_Day.jpg","type":"image\/jpeg"}],"author":"Max Wielsch","twitter_card":"summary_large_image","twitter_creator":"@ZEISS_di","twitter_site":"@ZEISS_di","twitter_misc":{"Verfasst von":"Max Wielsch","Gesch\u00e4tzte Lesezeit":"4\u00a0Minuten"},"schema":{"@context":"https:\/\/schema.org","@graph":[{"@type":"WebPage","@id":"https:\/\/blogs.zeiss.com\/digital-innovation\/de\/in-sachsen-da-geht-was\/","url":"https:\/\/blogs.zeiss.com\/digital-innovation\/de\/in-sachsen-da-geht-was\/","name":"In Sachsen, da geht was \u2013 JUG Saxony Day 2017 - ZEISS Digital Innovation Blog","isPartOf":{"@id":"https:\/\/blogs.zeiss.com\/digital-innovation\/de\/#website"},"primaryImageOfPage":{"@id":"https:\/\/blogs.zeiss.com\/digital-innovation\/de\/in-sachsen-da-geht-was\/#primaryimage"},"image":{"@id":"https:\/\/blogs.zeiss.com\/digital-innovation\/de\/in-sachsen-da-geht-was\/#primaryimage"},"thumbnailUrl":"https:\/\/blogs.zeiss.com\/digital-innovation\/de\/wp-content\/uploads\/sites\/2\/2020\/04\/201711_JUG_Saxony_Day.jpg","datePublished":"2017-11-30T10:06:00+00:00","dateModified":"2020-07-23T14:26:40+00:00","author":{"@id":"https:\/\/blogs.zeiss.com\/digital-innovation\/de\/#\/schema\/person\/9c98df4137f24d0bbd6b00a5db0bb448"},"description":"Am 29. September 2017 fand der 4. JUG Saxony Day statt. Die Hintergr\u00fcnde und die Erwartungen an die Konferenz werden in diesem Blogartikel beleuchtet.","breadcrumb":{"@id":"https:\/\/blogs.zeiss.com\/digital-innovation\/de\/in-sachsen-da-geht-was\/#breadcrumb"},"inLanguage":"de","potentialAction":[{"@type":"ReadAction","target":["https:\/\/blogs.zeiss.com\/digital-innovation\/de\/in-sachsen-da-geht-was\/"]}]},{"@type":"ImageObject","inLanguage":"de","@id":"https:\/\/blogs.zeiss.com\/digital-innovation\/de\/in-sachsen-da-geht-was\/#primaryimage","url":"https:\/\/blogs.zeiss.com\/digital-innovation\/de\/wp-content\/uploads\/sites\/2\/2020\/04\/201711_JUG_Saxony_Day.jpg","contentUrl":"https:\/\/blogs.zeiss.com\/digital-innovation\/de\/wp-content\/uploads\/sites\/2\/2020\/04\/201711_JUG_Saxony_Day.jpg","width":1200,"height":600},{"@type":"BreadcrumbList","@id":"https:\/\/blogs.zeiss.com\/digital-innovation\/de\/in-sachsen-da-geht-was\/#breadcrumb","itemListElement":[{"@type":"ListItem","position":1,"name":"Home","item":"https:\/\/blogs.zeiss.com\/digital-innovation\/de\/"},{"@type":"ListItem","position":2,"name":"In Sachsen, da geht was \u2013 JUG Saxony Day 2017"}]},{"@type":"WebSite","@id":"https:\/\/blogs.zeiss.com\/digital-innovation\/de\/#website","url":"https:\/\/blogs.zeiss.com\/digital-innovation\/de\/","name":"Digital Innovation Blog","description":"","potentialAction":[{"@type":"SearchAction","target":{"@type":"EntryPoint","urlTemplate":"https:\/\/blogs.zeiss.com\/digital-innovation\/de\/?s={search_term_string}"},"query-input":{"@type":"PropertyValueSpecification","valueRequired":true,"valueName":"search_term_string"}}],"inLanguage":"de"},{"@type":"Person","@id":"https:\/\/blogs.zeiss.com\/digital-innovation\/de\/#\/schema\/person\/9c98df4137f24d0bbd6b00a5db0bb448","name":"Max Wielsch","image":{"@type":"ImageObject","inLanguage":"de","@id":"https:\/\/blogs.zeiss.com\/digital-innovation\/de\/#\/schema\/person\/image\/","url":"https:\/\/blogs.zeiss.com\/digital-innovation\/de\/wp-content\/uploads\/sites\/2\/2020\/05\/wielsch_max-e1589559738157-150x150.jpg","contentUrl":"https:\/\/blogs.zeiss.com\/digital-innovation\/de\/wp-content\/uploads\/sites\/2\/2020\/05\/wielsch_max-e1589559738157-150x150.jpg","caption":"Max Wielsch"},"description":"Max Wielsch ist seit 2011 als Software-Entwickler bei der ZEISS Digital Innovation t\u00e4tig. Derzeit besch\u00e4ftigt er sich mit der Migration von monolithischen Architekturen hin zu entkoppelten Service-Architekturen im Kontext von Java-Enterprise-Applikationen. Dabei ist er von Backend bis Frontend involviert. Besondere Begeisterung empfindet er f\u00fcr React als Vertreter von aktuellen JavaScript-UI-Bibliotheken, die einen funktionalen Stil der Entwicklung unterst\u00fctzen. In seiner Freizeit engagiert sich Max als Organisator der Java User Group G\u00f6rlitz, um auch in der \u00f6stlichsten Stadt Deutschlands die Vielfalt von IT-Angeboten zu erh\u00f6hen und insbesondere die Community zu unterst\u00fctzen.","url":"https:\/\/blogs.zeiss.com\/digital-innovation\/de\/author\/maxwielsch\/"}]}},"author_meta":{"display_name":"Max Wielsch","author_link":"https:\/\/blogs.zeiss.com\/digital-innovation\/de\/author\/maxwielsch\/"},"featured_img":"https:\/\/blogs.zeiss.com\/digital-innovation\/de\/wp-content\/uploads\/sites\/2\/2020\/04\/201711_JUG_Saxony_Day-600x300.jpg","coauthors":[],"tax_additional":{"categories":{"linked":["<a href=\"https:\/\/blogs.zeiss.com\/digital-innovation\/de\/category\/java\/\" class=\"advgb-post-tax-term\">Java<\/a>"],"unlinked":["<span class=\"advgb-post-tax-term\">Java<\/span>"]},"tags":{"linked":["<a href=\"https:\/\/blogs.zeiss.com\/digital-innovation\/de\/category\/java\/\" class=\"advgb-post-tax-term\">Softwareentwicklung<\/a>","<a href=\"https:\/\/blogs.zeiss.com\/digital-innovation\/de\/category\/java\/\" class=\"advgb-post-tax-term\">JUG Saxony<\/a>","<a href=\"https:\/\/blogs.zeiss.com\/digital-innovation\/de\/category\/java\/\" class=\"advgb-post-tax-term\">JUG Saxony Day<\/a>","<a href=\"https:\/\/blogs.zeiss.com\/digital-innovation\/de\/category\/java\/\" class=\"advgb-post-tax-term\">Java-Entwickler<\/a>","<a href=\"https:\/\/blogs.zeiss.com\/digital-innovation\/de\/category\/java\/\" class=\"advgb-post-tax-term\">Java<\/a>","<a href=\"https:\/\/blogs.zeiss.com\/digital-innovation\/de\/category\/java\/\" class=\"advgb-post-tax-term\">Java Community<\/a>","<a href=\"https:\/\/blogs.zeiss.com\/digital-innovation\/de\/category\/java\/\" class=\"advgb-post-tax-term\">Software-Architektur<\/a>","<a href=\"https:\/\/blogs.zeiss.com\/digital-innovation\/de\/category\/java\/\" class=\"advgb-post-tax-term\">Microservices<\/a>","<a href=\"https:\/\/blogs.zeiss.com\/digital-innovation\/de\/category\/java\/\" class=\"advgb-post-tax-term\">Refactoring<\/a>"],"unlinked":["<span class=\"advgb-post-tax-term\">Softwareentwicklung<\/span>","<span class=\"advgb-post-tax-term\">JUG Saxony<\/span>","<span class=\"advgb-post-tax-term\">JUG Saxony Day<\/span>","<span class=\"advgb-post-tax-term\">Java-Entwickler<\/span>","<span class=\"advgb-post-tax-term\">Java<\/span>","<span class=\"advgb-post-tax-term\">Java Community<\/span>","<span class=\"advgb-post-tax-term\">Software-Architektur<\/span>","<span class=\"advgb-post-tax-term\">Microservices<\/span>","<span class=\"advgb-post-tax-term\">Refactoring<\/span>"]}},"comment_count":"0","relative_dates":{"created":"Posted 8\u00a0Jahren ago","modified":"Updated 6\u00a0Jahren ago"},"absolute_dates":{"created":"Posted on November 30, 2017","modified":"Updated on Juli 23, 2020"},"absolute_dates_time":{"created":"Posted on November 30, 2017 10:06 a.m.","modified":"Updated on Juli 23, 2020 2:26 p.m."},"featured_img_caption":"","series_order":"","_links":{"self":[{"href":"https:\/\/blogs.zeiss.com\/digital-innovation\/de\/wp-json\/wp\/v2\/posts\/392","targetHints":{"allow":["GET"]}}],"collection":[{"href":"https:\/\/blogs.zeiss.com\/digital-innovation\/de\/wp-json\/wp\/v2\/posts"}],"about":[{"href":"https:\/\/blogs.zeiss.com\/digital-innovation\/de\/wp-json\/wp\/v2\/types\/post"}],"author":[{"embeddable":true,"href":"https:\/\/blogs.zeiss.com\/digital-innovation\/de\/wp-json\/wp\/v2\/users\/37"}],"replies":[{"embeddable":true,"href":"https:\/\/blogs.zeiss.com\/digital-innovation\/de\/wp-json\/wp\/v2\/comments?post=392"}],"version-history":[{"count":4,"href":"https:\/\/blogs.zeiss.com\/digital-innovation\/de\/wp-json\/wp\/v2\/posts\/392\/revisions"}],"predecessor-version":[{"id":1451,"href":"https:\/\/blogs.zeiss.com\/digital-innovation\/de\/wp-json\/wp\/v2\/posts\/392\/revisions\/1451"}],"wp:featuredmedia":[{"embeddable":true,"href":"https:\/\/blogs.zeiss.com\/digital-innovation\/de\/wp-json\/wp\/v2\/media\/393"}],"wp:attachment":[{"href":"https:\/\/blogs.zeiss.com\/digital-innovation\/de\/wp-json\/wp\/v2\/media?parent=392"}],"wp:term":[{"taxonomy":"category","embeddable":true,"href":"https:\/\/blogs.zeiss.com\/digital-innovation\/de\/wp-json\/wp\/v2\/categories?post=392"},{"taxonomy":"post_tag","embeddable":true,"href":"https:\/\/blogs.zeiss.com\/digital-innovation\/de\/wp-json\/wp\/v2\/tags?post=392"},{"taxonomy":"topics","embeddable":true,"href":"https:\/\/blogs.zeiss.com\/digital-innovation\/de\/wp-json\/wp\/v2\/topics?post=392"}],"curies":[{"name":"wp","href":"https:\/\/api.w.org\/{rel}","templated":true}]}}